{"id":53814,"date":"2024-06-28T09:53:26","date_gmt":"2024-06-28T07:53:26","guid":{"rendered":"https:\/\/ticker-noticiasep.microcontenidos.com\/NoticiaRSS.vbhtml?user=FRND562DLP&amp;cod=20240628095326"},"modified":"2024-06-28T09:53:26","modified_gmt":"2024-06-28T07:53:26","slug":"sociedad-misa-rodriguez-destaca-la-necesidad-de-un-equipo-femenino-para-la-ud-las-palmas","status":"publish","type":"post","link":"https:\/\/webciudadana.net\/?p=53814","title":{"rendered":"Sociedad: Misa Rodr\u00edguez destaca la necesidad de un equipo femenino para la UD Las Palmas"},"content":{"rendered":"\n<div><img decoding=\"async\" src=\"https:\/\/img.europapress.es\/fotoweb\/fotonoticia_20240628095326_300.jpg\" class=\"ff-og-image-inserted\"><\/div>\n<p>(Informaci\u00f3n remitida por la empresa firmante)<\/p>\n<p>\nLa portera del Real Madrid present\u00f3 ayer en su isla natal el nuevo guante &#8216;SP logos&#8217; y charl\u00f3 el sobre f\u00fatbol femenino local y su convocatoria para los JJOO.<\/p>\n<p> La tienda de F\u00fatbol Emotion Las Terrazas (Telde) en la Isla de Gran Canaria acogi\u00f3 ayer por la tarde un evento muy especial con la presencia de Misa Rodr\u00edguez. La portera del Real Madrid y la Selecci\u00f3n Espa\u00f1ola, que se encontraba de vacaciones familiares en su isla natal, protagoniz\u00f3 un acto de la marca de guantes SP que la patrocina ante un p\u00fablico entusiasmado por la presencia de su \u00eddola con quien pudieron disfrutar de una agradable charla y momento de fotos y firmas.<\/p>\n<p> Durante la presentaci\u00f3n del acto, Misa comparti\u00f3 importantes reflexiones sobre el f\u00fatbol femenino y sus aspiraciones futuras, generando gran inter\u00e9s y entusiasmo entre los asistentes. Entre ellas, la portera canaria hizo un llamamiento a la creaci\u00f3n de un equipo femenino en Las Palmas, su tierra natal: \u00abConsidero fundamental que la UD Las Palmas cuente con un equipo femenino para dar m\u00e1s visibilidad y oportunidades a las j\u00f3venes jugadoras. El talento y la pasi\u00f3n est\u00e1n aqu\u00ed, solo falta el apoyo y la infraestructura necesaria para que puedan desarrollarse y brillar\u00bb, afirm\u00f3 Misa.<\/p>\n<p> Adem\u00e1s, Misa Rodr\u00edguez expres\u00f3 su emoci\u00f3n ante la posibilidad de ser convocada nuevamente por la Selecci\u00f3n Espa\u00f1ola para los Juegos Ol\u00edmpicos y volver con el oro en el cuello. \u00abSiempre es un honor y un sue\u00f1o para cualquier deportista vestir la camiseta de la selecci\u00f3n. Trabajamos muy duro para estar en nuestro mejor nivel y representar a nuestro pa\u00eds y espero con ilusi\u00f3n poder ser parte de las pr\u00f3ximas convocatorias y contribuir al \u00e9xito del equipo\u00bb, coment\u00f3.<\/p>\n<p> Sus palabras resonaron entre los aficionados, quienes adem\u00e1s pudieron conocer de la mano de la portera del Real Madrid el nuevo guante conmemorativo &#8216;SP Logos&#8217; dise\u00f1ado para celebrar el 20\u00ba aniversario de la marca SP F\u00fatbol que viste las manos de la portera canaria desde hace a\u00f1os. Este guante exclusivo, que sale a la venta el pr\u00f3ximo 4 de julio, incorpora todos los logotipos que la marca ha utilizado a lo largo de su historia y cuenta con una tirada limitada de solo 20 unidades, por lo que representa un tributo \u00fanico para todos los coleccionistas y fan\u00e1ticos de la marca.<\/p>\n<p> Los guantes de SP F\u00fatbol y cualquier otro material para el futbolista pueden encontrarse en las tiendas f\u00edsicas y en la web de F\u00fatbol Emotion.<\/p>\n<p>\nContacto.<\/p>\n<p>\nNombre contacto: Sara Bazt\u00e1n.<\/p>\n<p>\nDescripci\u00f3n contacto: F\u00fatbol Emotion.<\/p>\n<p>\nTel\u00e9fono de contacto: 605625464. <\/p>\n","protected":false},"excerpt":{"rendered":"<p>(Informaci\u00f3n remitida por la empresa firmante) La portera del Real Madrid present\u00f3 ayer en su isla natal el nuevo guante &#8216;SP logos&#8217; y charl\u00f3 el sobre f\u00fatbol femenino local y su convocatoria para los JJOO. La tienda de F\u00fatbol Emotion Las Terrazas (Telde) en la Isla de Gran Canaria acogi\u00f3 ayer por la tarde un [&hellip;]<\/p>\n","protected":false},"author":1,"featured_media":0,"comment_status":"closed","ping_status":"closed","sticky":false,"template":"","format":"standard","meta":{"footnotes":""},"categories":[2],"tags":[],"class_list":["post-53814","post","type-post","status-publish","format-standard","hentry","category-noticias"],"_links":{"self":[{"href":"https:\/\/webciudadana.net\/index.php?rest_route=\/wp\/v2\/posts\/53814","targetHints":{"allow":["GET"]}}],"collection":[{"href":"https:\/\/webciudadana.net\/index.php?rest_route=\/wp\/v2\/posts"}],"about":[{"href":"https:\/\/webciudadana.net\/index.php?rest_route=\/wp\/v2\/types\/post"}],"author":[{"embeddable":true,"href":"https:\/\/webciudadana.net\/index.php?rest_route=\/wp\/v2\/users\/1"}],"replies":[{"embeddable":true,"href":"https:\/\/webciudadana.net\/index.php?rest_route=%2Fwp%2Fv2%2Fcomments&post=53814"}],"version-history":[{"count":0,"href":"https:\/\/webciudadana.net\/index.php?rest_route=\/wp\/v2\/posts\/53814\/revisions"}],"wp:attachment":[{"href":"https:\/\/webciudadana.net\/index.php?rest_route=%2Fwp%2Fv2%2Fmedia&parent=53814"}],"wp:term":[{"taxonomy":"category","embeddable":true,"href":"https:\/\/webciudadana.net\/index.php?rest_route=%2Fwp%2Fv2%2Fcategories&post=53814"},{"taxonomy":"post_tag","embeddable":true,"href":"https:\/\/webciudadana.net\/index.php?rest_route=%2Fwp%2Fv2%2Ftags&post=53814"}],"curies":[{"name":"wp","href":"https:\/\/api.w.org\/{rel}","templated":true}]}}