{"id":53817,"date":"2024-06-28T10:48:21","date_gmt":"2024-06-28T08:48:21","guid":{"rendered":"https:\/\/ticker-noticiasep.microcontenidos.com\/NoticiaRSS.vbhtml?user=FRND562DLP&amp;cod=20240628104821"},"modified":"2024-06-28T10:48:21","modified_gmt":"2024-06-28T08:48:21","slug":"sociedad-fcc-celebra-su-junta-general-de-accionistas-2024","status":"publish","type":"post","link":"https:\/\/webciudadana.net\/?p=53817","title":{"rendered":"Sociedad: FCC celebra su Junta General de Accionistas 2024"},"content":{"rendered":"\n<div><img decoding=\"async\" src=\"https:\/\/img.europapress.es\/fotoweb\/fotonoticia_20240628104821_300.jpg\" class=\"ff-og-image-inserted\"><\/div>\n<p>(Informaci\u00f3n remitida por la empresa firmante)<\/p>\n<p>\nDurante el desarrollo de la Junta, se aprobaron las cuentas anuales del ejercicio y todos los puntos contenidos en el orden del d\u00eda, entre ellos, el reparto de un dividendo flexible y la propuesta del proyecto de escisi\u00f3n parcial financiera de FCC a favor de una nueva sociedad denominada Inmocemento.<\/p>\n<p> La Junta General de Accionistas de FCC ha aprobado en su reuni\u00f3n, celebrada esta tarde en Madrid, todos los puntos del orden del d\u00eda, entre ellos el reparto de un dividendo flexible, a percibir en acciones o en dinero, por un importe por acci\u00f3n de 0,65 euros; la propuesta del proyecto de escisi\u00f3n parcial financiera de FCC a favor de una nueva sociedad denominada Inmocemento, que integrar\u00e1 las \u00e1reas de negocio de Inmobiliaria y Cemento, adem\u00e1s de las cuentas anuales e informes de gesti\u00f3n correspondientes al ejercicio de 2023.<\/p>\n<p> La Junta ha estado presidida por Esther Alcocer Koplowitz, presidenta del Grupo FCC, quien en su intervenci\u00f3n ante los accionistas ha subrayado que \u00aben 2023 hemos vuelto a demostrar nuestra capacidad para convertir cada desaf\u00edo en una oportunidad\u00bb. Adem\u00e1s, quiso destacar que \u00abel liderazgo del ingeniero Carlos Slim y del Grupo Carso han sido una vez m\u00e1s decisivos para gestionar y dirigir con \u00e9xito nuestro Grupo\u00bb.<\/p>\n<p> Por su parte, Pablo Colio, consejero delegado de FCC, ha repasado en su presentaci\u00f3n los resultados obtenidos por el Grupo FCC y por sus \u00e1reas de negocio durante 2023, que avalan la elevada capacidad de la compa\u00f1\u00eda para continuar creciendo y reforzar su s\u00f3lida posici\u00f3n de \u00e9xito y liderazgo, adem\u00e1s de realizar un recorrido por los principales acontecimientos ocurridos a lo largo del ejercicio. El consejero delegado ha querido detenerse en su discurso para explicar el proyecto de escisi\u00f3n parcial financiera de FCC a favor de Inmocemento, cuya operaci\u00f3n permitir\u00e1 diferenciar la estrategia, gesti\u00f3n y valoraci\u00f3n del nuevo grupo con respecto a FCC y facilitar la percepci\u00f3n y maximizaci\u00f3n de valor por separado de ambos grupos por los mercados.<\/p>\n<p> En esta cita anual, tanto la presidenta como el consejero delegado han destacado que 2023 ha sido un a\u00f1o de avances y resultados positivos, y han agradecido al Consejo de Administraci\u00f3n, al equipo directivo y a todas las personas trabajadoras del Grupo FCC el \u00e9xito de los buenos resultados; y han reconocido tambi\u00e9n la apuesta firme y el apoyo recibido por los accionistas de FCC, socios estrat\u00e9gicos, clientes e inversores para seguir creciendo y construyendo un futuro m\u00e1s sostenible.<\/p>\n<p>\nContacto.<\/p>\n<p>\nNombre contacto: FCC.<\/p>\n<p>\nDescripci\u00f3n contacto: FCC.<\/p>\n<p>\nTel\u00e9fono de contacto: 91 359 54 00. <\/p>\n","protected":false},"excerpt":{"rendered":"<p>(Informaci\u00f3n remitida por la empresa firmante) Durante el desarrollo de la Junta, se aprobaron las cuentas anuales del ejercicio y todos los puntos contenidos en el orden del d\u00eda, entre ellos, el reparto de un dividendo flexible y la propuesta del proyecto de escisi\u00f3n parcial financiera de FCC a favor de una nueva sociedad denominada [&hellip;]<\/p>\n","protected":false},"author":1,"featured_media":0,"comment_status":"closed","ping_status":"closed","sticky":false,"template":"","format":"standard","meta":{"footnotes":""},"categories":[2],"tags":[],"class_list":["post-53817","post","type-post","status-publish","format-standard","hentry","category-noticias"],"_links":{"self":[{"href":"https:\/\/webciudadana.net\/index.php?rest_route=\/wp\/v2\/posts\/53817","targetHints":{"allow":["GET"]}}],"collection":[{"href":"https:\/\/webciudadana.net\/index.php?rest_route=\/wp\/v2\/posts"}],"about":[{"href":"https:\/\/webciudadana.net\/index.php?rest_route=\/wp\/v2\/types\/post"}],"author":[{"embeddable":true,"href":"https:\/\/webciudadana.net\/index.php?rest_route=\/wp\/v2\/users\/1"}],"replies":[{"embeddable":true,"href":"https:\/\/webciudadana.net\/index.php?rest_route=%2Fwp%2Fv2%2Fcomments&post=53817"}],"version-history":[{"count":0,"href":"https:\/\/webciudadana.net\/index.php?rest_route=\/wp\/v2\/posts\/53817\/revisions"}],"wp:attachment":[{"href":"https:\/\/webciudadana.net\/index.php?rest_route=%2Fwp%2Fv2%2Fmedia&parent=53817"}],"wp:term":[{"taxonomy":"category","embeddable":true,"href":"https:\/\/webciudadana.net\/index.php?rest_route=%2Fwp%2Fv2%2Fcategories&post=53817"},{"taxonomy":"post_tag","embeddable":true,"href":"https:\/\/webciudadana.net\/index.php?rest_route=%2Fwp%2Fv2%2Ftags&post=53817"}],"curies":[{"name":"wp","href":"https:\/\/api.w.org\/{rel}","templated":true}]}}