{"id":53827,"date":"2024-06-28T12:05:33","date_gmt":"2024-06-28T10:05:33","guid":{"rendered":"https:\/\/ticker-noticiasep.microcontenidos.com\/NoticiaRSS.vbhtml?user=FRND562DLP&amp;cod=20240628120533"},"modified":"2024-06-28T12:05:33","modified_gmt":"2024-06-28T10:05:33","slug":"sociedad-madrid-excelente-y-la-fundacion-rementeria-celebran-forjando-un-futuro-excelente-empresas-con-proposito","status":"publish","type":"post","link":"https:\/\/webciudadana.net\/?p=53827","title":{"rendered":"Sociedad: Madrid Excelente y la Fundaci\u00f3n Rementer\u00eda celebran \u00abForjando un futuro Excelente: Empresas con prop\u00f3sito\u00bb"},"content":{"rendered":"\n<div><img decoding=\"async\" src=\"https:\/\/img.europapress.es\/fotoweb\/fotonoticia_20240628120533_300.jpg\" class=\"ff-og-image-inserted\"><\/div>\n<p>(Informaci\u00f3n remitida por la empresa firmante)<\/p>\n<p>\nMadrid, 28 de junio, 2024. El evento organizado por la entidad madrile\u00f1a y la organizaci\u00f3n sin \u00e1nimo de lucro, ha reunido a profesionales de grandes empresas e instituciones con una importante Responsabilidad Social Corporativa, as\u00ed como a directivos de fundaciones para fomentar la conexi\u00f3n, la sostenibilidad y el aprendizaje mutuo.<\/p>\n<p> Mariluz Capelo, Presidenta de la Fundaci\u00f3n Rementer\u00eda inauguraba el encuentro instando a la necesidad de \u00abtrabajar por las personas, por la sociedad y por el medio ambiente\u00bb, convencida de que \u00abun futuro responsable y sostenible es posible\u00bb, y posteriormente daba paso a dos interesantes mesas de debate.<\/p>\n<p> La primera, moderada por Roc\u00edo Puerta, Directora de M\u00e1rketing y Comunicaci\u00f3n de Cl\u00ednica Rementer\u00eda, ha centrado el di\u00e1logo en los beneficios de una buena RSC.<\/p>\n<p> Han participado, \u00c1ngel Fraile, Director de planificaci\u00f3n y gesti\u00f3n de grupos de inter\u00e9s de Endesa, Loreto Vega, Partner Programs Manager de Hewlett-Packard para Espa\u00f1a y Portugal, Concha Navarro, Directora de Sostenibilidad y RSC de Mutua Madrile\u00f1a, Laura Yturriaga, manager de Banca Responsable y Sostenibilidad del Santander y Laura Albarr\u00e1n, Senior CQ Manager y Presidenta de la Fundaci\u00f3n MTP.<\/p>\n<p> La charla ha tocado puntos clave como la mejora de la reputaci\u00f3n e imagen de las compa\u00f1\u00edas a trav\u00e9s de la retenci\u00f3n del talento, la ventaja competitiva, la reducci\u00f3n de costes operarios, las regulaciones de los skateholders, la innovaci\u00f3n y el acceso a nuevos mercados y oportunidades de negocio. Sus diferentes aportaciones y experiencias han tra\u00eddo una conclusi\u00f3n un\u00e1nime: aprender buenas pr\u00e1cticas y una estrategia adecuada de RSC no s\u00f3lo beneficia a la sociedad y al medio ambiente, sino que tambi\u00e9n repercute en el rendimiento financiero y operativo de las empresas.<\/p>\n<p> La segunda mesa de debate ha sido moderada por Elena Mantilla, Directora General de Madrid Excelente. Como participantes, Pedro Ja\u00e9n, Presidente de \u00c1frica en la piel, Laureano \u00c1lvarez- Rementer\u00eda, Vicepresidente y Patrono de la Fundaci\u00f3n Rementer\u00eda, Jos\u00e9 Antonio Garc\u00eda, Director de la Fundaci\u00f3n Infantil Ronald McDonald, Miguel \u00c1ngel Vel\u00e1zquez, coach y Director del Centro de Investigaci\u00f3n en Valores (CIVSEM) de la Fundaci\u00f3n Calidad Pascual, y Luz Mar\u00eda Sanz Masedo, Directora General de la Fundaci\u00f3n Vicente Ferrer.<\/p>\n<p> Titulada \u00abLos retos actuales del tercer sector\u00bb, pon\u00eda el foco en los nuevos desaf\u00edos como la sostenibilidad financiera, la creciente competitividad por la visibilidad y captaci\u00f3n de fondos, la importancia de la transparencia y rendici\u00f3n de cuentas, la digitalizaci\u00f3n e impacto tecnol\u00f3gico tanto en ONG&#8217;s, fundaciones y otras entidades sin \u00e1nimo de lucro.<\/p>\n<p> Elena Mantilla, Directora General de Madrid Excelente pon\u00eda el broche final a un acto cargado de sostenibilidad empresarial y uni\u00f3n de fuerzas: \u00abha sido un honor poder contar con la participaci\u00f3n de todos estos grandes profesionales. La jornada de hoy nos ha dejado importantes aprendizajes, como la relevancia de las relaciones empresariales y la creaci\u00f3n de sinergias entre compa\u00f1\u00edas, fundaciones y organizaciones sin \u00e1nimo de lucro.<\/p>\n<p> En Madrid Excelente confiamos firmemente en el valor de las alianzas empresariales, tambi\u00e9n para abordar retos de Responsabilidad Social Corporativa, por eso impulsamos y trabajamos en foros de encuentro de encuentro tan maravillosos como \u00e9ste\u00bb.<\/p>\n<p> Emisor: Fundaci\u00f3n Rementar\u00eda<\/p>\n<p>\nPara m\u00e1s informaci\u00f3n y fotograf\u00edas en alta resoluci\u00f3n Cristina Rhodes crhodes@clinicarementeria.com<\/p>\n<p>\nMar Ruiz mar.ruiz@madridexcelente.com&gt;<\/p>\n","protected":false},"excerpt":{"rendered":"<p>(Informaci\u00f3n remitida por la empresa firmante) Madrid, 28 de junio, 2024. El evento organizado por la entidad madrile\u00f1a y la organizaci\u00f3n sin \u00e1nimo de lucro, ha reunido a profesionales de grandes empresas e instituciones con una importante Responsabilidad Social Corporativa, as\u00ed como a directivos de fundaciones para fomentar la conexi\u00f3n, la sostenibilidad y el aprendizaje [&hellip;]<\/p>\n","protected":false},"author":1,"featured_media":0,"comment_status":"closed","ping_status":"closed","sticky":false,"template":"","format":"standard","meta":{"footnotes":""},"categories":[2],"tags":[],"class_list":["post-53827","post","type-post","status-publish","format-standard","hentry","category-noticias"],"_links":{"self":[{"href":"https:\/\/webciudadana.net\/index.php?rest_route=\/wp\/v2\/posts\/53827","targetHints":{"allow":["GET"]}}],"collection":[{"href":"https:\/\/webciudadana.net\/index.php?rest_route=\/wp\/v2\/posts"}],"about":[{"href":"https:\/\/webciudadana.net\/index.php?rest_route=\/wp\/v2\/types\/post"}],"author":[{"embeddable":true,"href":"https:\/\/webciudadana.net\/index.php?rest_route=\/wp\/v2\/users\/1"}],"replies":[{"embeddable":true,"href":"https:\/\/webciudadana.net\/index.php?rest_route=%2Fwp%2Fv2%2Fcomments&post=53827"}],"version-history":[{"count":0,"href":"https:\/\/webciudadana.net\/index.php?rest_route=\/wp\/v2\/posts\/53827\/revisions"}],"wp:attachment":[{"href":"https:\/\/webciudadana.net\/index.php?rest_route=%2Fwp%2Fv2%2Fmedia&parent=53827"}],"wp:term":[{"taxonomy":"category","embeddable":true,"href":"https:\/\/webciudadana.net\/index.php?rest_route=%2Fwp%2Fv2%2Fcategories&post=53827"},{"taxonomy":"post_tag","embeddable":true,"href":"https:\/\/webciudadana.net\/index.php?rest_route=%2Fwp%2Fv2%2Ftags&post=53827"}],"curies":[{"name":"wp","href":"https:\/\/api.w.org\/{rel}","templated":true}]}}