{"id":53832,"date":"2024-06-28T13:31:47","date_gmt":"2024-06-28T11:31:47","guid":{"rendered":"https:\/\/ticker-noticiasep.microcontenidos.com\/NoticiaRSS.vbhtml?user=FRND562DLP&amp;cod=20240628133147"},"modified":"2024-06-28T13:31:47","modified_gmt":"2024-06-28T11:31:47","slug":"sociedad-nombramientos-en-la-junta-general-de-accionistas-y-en-el-consejo-de-fcc","status":"publish","type":"post","link":"https:\/\/webciudadana.net\/?p=53832","title":{"rendered":"Sociedad: Nombramientos en la Junta General de Accionistas y en el Consejo de FCC"},"content":{"rendered":"\n<div><img decoding=\"async\" src=\"https:\/\/img.europapress.es\/fotoweb\/fotonoticia_20240628133147_300.jpg\" class=\"ff-og-image-inserted\"><\/div>\n<p>(Informaci\u00f3n remitida por la empresa firmante)<\/p>\n<p>\nEl Consejo de Administraci\u00f3n de FCC ha acordado en su sesi\u00f3n celebrada ayer, d\u00eda 27 de junio, los siguientes nombramientos.<\/p>\n<p> El Consejo de Administraci\u00f3n de FCC ha acordado en su sesi\u00f3n celebrada ayer, d\u00eda 27 de junio, los siguientes nombramientos:.<\/p>\n<p> o Designar para el cargo de presidenta del Consejo de Administraci\u00f3n de la Sociedad a do\u00f1a Esther Alcocer Koplowitz.<\/p>\n<p> o Nombrar miembros de la Comisi\u00f3n Ejecutiva a don Juan Rodr\u00edguez Torres y a do\u00f1a Esther Alcocer Koplowitz.<\/p>\n<p> o Nombrar miembro de la Comisi\u00f3n de Auditor\u00eda y Control a don Juan Rodr\u00edguez Torres.<\/p>\n<p> o Nombrar miembros de la Comisi\u00f3n de Nombramientos y Retribuciones a don Juan Rodr\u00edguez Torres y a do\u00f1a Esther Alcocer Koplowitz.<\/p>\n<p>\nContacto.<\/p>\n<p>\nNombre contacto: FCC.<\/p>\n<p>\nDescripci\u00f3n contacto: FCC.<\/p>\n<p>\nTel\u00e9fono de contacto: 91 359 54 00. <\/p>\n","protected":false},"excerpt":{"rendered":"<p>(Informaci\u00f3n remitida por la empresa firmante) El Consejo de Administraci\u00f3n de FCC ha acordado en su sesi\u00f3n celebrada ayer, d\u00eda 27 de junio, los siguientes nombramientos. El Consejo de Administraci\u00f3n de FCC ha acordado en su sesi\u00f3n celebrada ayer, d\u00eda 27 de junio, los siguientes nombramientos:. o Designar para el cargo de presidenta del Consejo [&hellip;]<\/p>\n","protected":false},"author":1,"featured_media":0,"comment_status":"closed","ping_status":"closed","sticky":false,"template":"","format":"standard","meta":{"footnotes":""},"categories":[2],"tags":[],"class_list":["post-53832","post","type-post","status-publish","format-standard","hentry","category-noticias"],"_links":{"self":[{"href":"https:\/\/webciudadana.net\/index.php?rest_route=\/wp\/v2\/posts\/53832","targetHints":{"allow":["GET"]}}],"collection":[{"href":"https:\/\/webciudadana.net\/index.php?rest_route=\/wp\/v2\/posts"}],"about":[{"href":"https:\/\/webciudadana.net\/index.php?rest_route=\/wp\/v2\/types\/post"}],"author":[{"embeddable":true,"href":"https:\/\/webciudadana.net\/index.php?rest_route=\/wp\/v2\/users\/1"}],"replies":[{"embeddable":true,"href":"https:\/\/webciudadana.net\/index.php?rest_route=%2Fwp%2Fv2%2Fcomments&post=53832"}],"version-history":[{"count":0,"href":"https:\/\/webciudadana.net\/index.php?rest_route=\/wp\/v2\/posts\/53832\/revisions"}],"wp:attachment":[{"href":"https:\/\/webciudadana.net\/index.php?rest_route=%2Fwp%2Fv2%2Fmedia&parent=53832"}],"wp:term":[{"taxonomy":"category","embeddable":true,"href":"https:\/\/webciudadana.net\/index.php?rest_route=%2Fwp%2Fv2%2Fcategories&post=53832"},{"taxonomy":"post_tag","embeddable":true,"href":"https:\/\/webciudadana.net\/index.php?rest_route=%2Fwp%2Fv2%2Ftags&post=53832"}],"curies":[{"name":"wp","href":"https:\/\/api.w.org\/{rel}","templated":true}]}}