{"id":53847,"date":"2024-07-01T07:59:52","date_gmt":"2024-07-01T05:59:52","guid":{"rendered":"https:\/\/ticker-noticiasep.microcontenidos.com\/NoticiaRSS.vbhtml?user=FRND562DLP&amp;cod=20240701075952"},"modified":"2024-07-01T07:59:52","modified_gmt":"2024-07-01T05:59:52","slug":"mundo-ralf-breiling-nombrado-nuevo-director-general-de-eurojet-turbo-gmbh","status":"publish","type":"post","link":"https:\/\/webciudadana.net\/?p=53847","title":{"rendered":"Mundo: Ralf Breiling nombrado nuevo Director General de EUROJET Turbo GmbH"},"content":{"rendered":"\n<div><img decoding=\"async\" src=\"https:\/\/img.europapress.es\/fotoweb\/fotonoticia_20240701075952_300.jpg\" class=\"ff-og-image-inserted\"><\/div>\n<p>(Informaci\u00f3n remitida por la empresa firmante)<\/p>\n<p>\nHallbergmoos (Alemania), 01 de julio de 2024 (News Aktuell).-<\/p>\n<p>\nLos Accionistas del Consorcio EUROJET han nombrado a Ralf Breiling (60) Consejero Delegado de EUROJET Turbo GmbH (EUROJET) a partir del 1 de julio de 2024. Sucede en el cargo tras su jubilaci\u00f3n a Gerhard B\u00e4hr, que ha dirigido el consorcio desde julio de 2020.<\/p>\n<p> Ralf Breiling, licenciado en Ingenier\u00eda Aeron\u00e1utica por la Universidad T\u00e9cnica de M\u00fanich, aporta una gran experiencia y un historial probado de liderazgo en la industria aeroespacial de m\u00e1s de tres d\u00e9cadas. Ha ocupado diversos cargos directivos en BMW-Rolls Royce GmbH, MTU Aero Engines GmbH, MTU Maintenance Hannover GmbH y MTU Turbomeca Rolls-Royce ITP GmbH (MTRI), donde desempe\u00f1\u00f3 un papel decisivo a la hora de impulsar la innovaci\u00f3n, mejorar la eficiencia operativa y lograr un crecimiento sustancial del negocio. Su experiencia abarca diversos programas de motores, como el BR715, el EJ200, el TP400 y el MTR390. Desde 2018 hasta el inicio del cargo como CEO de EUROJET, dirigi\u00f3 MTRI como Director General.<\/p>\n<p> El Sr. Breiling expres\u00f3 su entusiasmo por las oportunidades que se avecinan:<\/p>\n<p> \u00abEs un honor para m\u00ed haber sido elegido para dirigir EUROJET Turbo GmbH hacia el futuro. La empresa cuenta con una rica historia y un equipo de gran talento, y espero seguir construyendo sobre esta s\u00f3lida base. Nuestra industria evoluciona r\u00e1pidamente y me centrar\u00e9 en los tres principios b\u00e1sicos de innovaci\u00f3n, satisfacci\u00f3n del cliente y excelencia operativa para impulsar el \u00e9xito continuado y crear valor a largo plazo para nuestros accionistas\u00bb.<\/p>\n<p> ACERCA DE EUROJET:<\/p>\n<p>\nEl consorcio EUROJET es responsable de la gesti\u00f3n del programa del motor EJ200. Los accionistas de EUROJET son Rolls-Royce (Reino Unido), MTU Aero Engines (Alemania), ITP Aero (Espa\u00f1a) y Avio Aero (Italia). El motor representa una tecnolog\u00eda sobresaliente e innovadora y demuestra continuamente su excepcional rendimiento en el Eurofighter Typhoon. Con su historial de rendimiento sin precedentes, combinado con su capacidad polivalente y su m\u00e1xima disponibilidad a unos costes de ciclo de vida competitivos, el motor EJ200 est\u00e1 perfectamente preparado para satisfacer los requisitos de las fuerzas a\u00e9reas, tanto de hoy como del futuro.<\/p>\n<p> Desde la entrega del primer motor de producci\u00f3n en 2003, se han entregado m\u00e1s de mil motores de producci\u00f3n EJ200 a flotas de clientes de las Fuerzas A\u00e9reas de nueve naciones, y el motor EJ200 ha superado el mill\u00f3n y medio de horas de vuelo.<\/p>\n<p> Pueden descargarse im\u00e1genes de alta resoluci\u00f3n del EJ200 en: http:\/\/www.eurojet.de\/media<\/p>\n<p>\nPara m\u00e1s informaci\u00f3n:<\/p>\n<p>\nRose Artuso, PR and Communications<\/p>\n<p>\nEUROJET Turbo GmbH*<\/p>\n","protected":false},"excerpt":{"rendered":"<p>(Informaci\u00f3n remitida por la empresa firmante) Hallbergmoos (Alemania), 01 de julio de 2024 (News Aktuell).- Los Accionistas del Consorcio EUROJET han nombrado a Ralf Breiling (60) Consejero Delegado de EUROJET Turbo GmbH (EUROJET) a partir del 1 de julio de 2024. Sucede en el cargo tras su jubilaci\u00f3n a Gerhard B\u00e4hr, que ha dirigido el [&hellip;]<\/p>\n","protected":false},"author":1,"featured_media":0,"comment_status":"closed","ping_status":"closed","sticky":false,"template":"","format":"standard","meta":{"footnotes":""},"categories":[2],"tags":[],"class_list":["post-53847","post","type-post","status-publish","format-standard","hentry","category-noticias"],"_links":{"self":[{"href":"https:\/\/webciudadana.net\/index.php?rest_route=\/wp\/v2\/posts\/53847","targetHints":{"allow":["GET"]}}],"collection":[{"href":"https:\/\/webciudadana.net\/index.php?rest_route=\/wp\/v2\/posts"}],"about":[{"href":"https:\/\/webciudadana.net\/index.php?rest_route=\/wp\/v2\/types\/post"}],"author":[{"embeddable":true,"href":"https:\/\/webciudadana.net\/index.php?rest_route=\/wp\/v2\/users\/1"}],"replies":[{"embeddable":true,"href":"https:\/\/webciudadana.net\/index.php?rest_route=%2Fwp%2Fv2%2Fcomments&post=53847"}],"version-history":[{"count":0,"href":"https:\/\/webciudadana.net\/index.php?rest_route=\/wp\/v2\/posts\/53847\/revisions"}],"wp:attachment":[{"href":"https:\/\/webciudadana.net\/index.php?rest_route=%2Fwp%2Fv2%2Fmedia&parent=53847"}],"wp:term":[{"taxonomy":"category","embeddable":true,"href":"https:\/\/webciudadana.net\/index.php?rest_route=%2Fwp%2Fv2%2Fcategories&post=53847"},{"taxonomy":"post_tag","embeddable":true,"href":"https:\/\/webciudadana.net\/index.php?rest_route=%2Fwp%2Fv2%2Ftags&post=53847"}],"curies":[{"name":"wp","href":"https:\/\/api.w.org\/{rel}","templated":true}]}}