{"id":53854,"date":"2024-07-01T11:09:49","date_gmt":"2024-07-01T09:09:49","guid":{"rendered":"https:\/\/ticker-noticiasep.microcontenidos.com\/NoticiaRSS.vbhtml?user=FRND562DLP&amp;cod=20240701110949"},"modified":"2024-07-01T11:09:49","modified_gmt":"2024-07-01T09:09:49","slug":"sociedad-enrique-tomas-y-los-mojinos-escozios-presentan-la-cancion-jamon","status":"publish","type":"post","link":"https:\/\/webciudadana.net\/?p=53854","title":{"rendered":"Sociedad: Enrique Tom\u00e1s y los Mojinos Escoz\u00edos presentan la canci\u00f3n &#8216;Jam\u00f3n&#8217;"},"content":{"rendered":"\n<div><img decoding=\"async\" src=\"https:\/\/img.europapress.es\/fotoweb\/fotonoticia_20240701110949_300.jpg\" class=\"ff-og-image-inserted\"><\/div>\n<p>(Informaci\u00f3n remitida por la empresa firmante)<\/p>\n<p>\n&#8211; La marca l\u00edder en jam\u00f3n ib\u00e9rico cree en el poder de la m\u00fasica y se ha aliado con el grupo musical liderado por &#8216;El Sevilla&#8217; para crear un nuevo tema.<\/p>\n<p>\n&#8211; Enrique Tom\u00e1s y Los Mojinos Escoz\u00edos han llegado a un acuerdo con la religiosa Sor Luc\u00eda Caram para utilizar esta canci\u00f3n con fines solidarios.<\/p>\n<p>\n&#8211; El hit estar\u00e1 disponible en todas las plataformas desde el pasado viernes 28 de junio.<\/p>\n<p> Madrid, 1 de julio de 2024.-. Enrique Tom\u00e1s, la compa\u00f1\u00eda m\u00e1s importante del mundo en comercializaci\u00f3n de jam\u00f3n ib\u00e9rico, presenta una nueva colaboraci\u00f3n musical con el grupo Los Mojinos Escoz\u00edos. Esta alianza ha dado lugar a la creaci\u00f3n de la canci\u00f3n &#8216;Jam\u00f3n&#8217;, que est\u00e1 disponible desde el 28 de junio en todas las plataformas digitales. Los beneficios obtenidos ser\u00e1n destinados a fines solidarios en colaboraci\u00f3n con Sor Luc\u00eda Caram. Este proyecto refuerza el compromiso de Enrique Tom\u00e1s con la m\u00fasica y las causas ben\u00e9ficas.<\/p>\n<p> Esta alianza de la marca con la banda liderada por Miguel \u00c1ngel Rodr\u00edguez, m\u00e1s conocido como &#8216;El Sevilla&#8217;, ha alumbrado el primer tema musical dedicado a uno de sus productos. Con el nombre &#8216;Jam\u00f3n&#8217;, han compuesto una nueva canci\u00f3n honrando al jam\u00f3n y, sobre todo, al Tomas\u00f3n de Enrique Tom\u00e1s. \u00abExisten canciones que expresan sentimientos como el amor o la tristeza, pero escribir un tema sobre el jam\u00f3n, uno de los placeres de esta vida, creo que eso es algo que se ve pocas veces\u00bb, asegura el cantante.<\/p>\n<p> Enrique Tom\u00e1s ha venido mostrando los \u00faltimos a\u00f1os su v\u00ednculo con la m\u00fasica, y la importancia que le da para poner en valor la cultura y los valores de la compa\u00f1\u00eda y del pa\u00eds. Desde su uni\u00f3n con el cantante David Bisbal hasta el patrocinio de los \u00faltimos Latin Grammys, uno de los eventos m\u00e1s importantes en el mundo de la m\u00fasica, la marca en esta ocasi\u00f3n sigue estrechando lazos con la industria musical de la mano de un grupo como Los Mojinos Escoz\u00edos que ha demostrado trabajo y \u00e9xito durante m\u00e1s de 25 a\u00f1os.<\/p>\n<p> El tema est\u00e1 disponible en todas las plataformas desde el 28 de junio y tiene adem\u00e1s un fin solidario. Despu\u00e9s de llegar a un acuerdo con la religiosa Sor Luc\u00eda Caram, los fondos de esta canci\u00f3n ir\u00e1n destinados a su fundaci\u00f3n del Convento de Santa Clara, que vienen realizando una labor humanitaria vital especialmente en zonas afectadas por la guerra.<\/p>\n<p> Enrique Tom\u00e1s se dedica a la selecci\u00f3n del mejor jam\u00f3n ib\u00e9rico del mundo, y tambi\u00e9n selecciona alianzas y acuerdos de gran relevancia. En este sentido, Enrique Tom\u00e1s, fundador de la compa\u00f1\u00eda, ha asegurado que \u00abes un orgullo tener tanta relaci\u00f3n con la m\u00fasica y una maravilla poder llamarme amigo de Miguel \u00c1ngel y de todos los \u00abMojinos\u00bb; escuchar esta canci\u00f3n sobre el jam\u00f3n y en concreto, sobre el Tomas\u00f3n es otro motivo para creer que estoy cumpliendo mis sue\u00f1os \u00ab. Tambi\u00e9n ha querido afirmar que no es un tema cualquiera, sino que \u00abes algo diferente, tiene ritmo y por eso va a ser muy bien recibida por el p\u00fablico\u00bb. Pero lo que m\u00e1s ha destacado el propietario de la cadena de jamones es que \u00abtiene un fin solidario y cada vez que bailes al comp\u00e1s de la m\u00fasica estar\u00e1s contribuyendo a una buena causa\u00bb.<\/p>\n<p> Enlace a la canci\u00f3n: Jam\u00f3n<\/p>\n<p>\nSobre Enrique Tom\u00e1s<\/p>\n<p>\nEnrique Tom\u00e1s se dedica a la venta de jam\u00f3n ib\u00e9rico desde 1982 con el objetivo de ponerle nombre al jam\u00f3n en el mundo. Lo que empez\u00f3 como un negocio en el mercado de La Salud en Badalona (Barcelona), es hoy en d\u00eda una empresa internacional que actualmente dispone de una red de m\u00e1s de cien tiendas, por todo el mundo. En sus diferentes tipos de establecimientos, Enrique Tom\u00e1s ofrece diferentes maneras de adquirir y degustar \u00abel mejor producto gastron\u00f3mico del mundo\u00bb Enriquetomas.com<\/p>\n<p>\nEmisor: Enrique Tom\u00e1s<\/p>\n<p>\nContacto:<\/p>\n<p>\nNombre de contacto: Curro Romero<\/p>\n<p>\nDescripci\u00f3n contacto: Responsable de Comunicaci\u00f3n<\/p>\n<p>\nTel\u00e9fono de contacto: 650 67 45 54<\/p>\n","protected":false},"excerpt":{"rendered":"<p>(Informaci\u00f3n remitida por la empresa firmante) &#8211; La marca l\u00edder en jam\u00f3n ib\u00e9rico cree en el poder de la m\u00fasica y se ha aliado con el grupo musical liderado por &#8216;El Sevilla&#8217; para crear un nuevo tema. &#8211; Enrique Tom\u00e1s y Los Mojinos Escoz\u00edos han llegado a un acuerdo con la religiosa Sor Luc\u00eda Caram [&hellip;]<\/p>\n","protected":false},"author":1,"featured_media":0,"comment_status":"closed","ping_status":"closed","sticky":false,"template":"","format":"standard","meta":{"footnotes":""},"categories":[2],"tags":[],"class_list":["post-53854","post","type-post","status-publish","format-standard","hentry","category-noticias"],"_links":{"self":[{"href":"https:\/\/webciudadana.net\/index.php?rest_route=\/wp\/v2\/posts\/53854","targetHints":{"allow":["GET"]}}],"collection":[{"href":"https:\/\/webciudadana.net\/index.php?rest_route=\/wp\/v2\/posts"}],"about":[{"href":"https:\/\/webciudadana.net\/index.php?rest_route=\/wp\/v2\/types\/post"}],"author":[{"embeddable":true,"href":"https:\/\/webciudadana.net\/index.php?rest_route=\/wp\/v2\/users\/1"}],"replies":[{"embeddable":true,"href":"https:\/\/webciudadana.net\/index.php?rest_route=%2Fwp%2Fv2%2Fcomments&post=53854"}],"version-history":[{"count":0,"href":"https:\/\/webciudadana.net\/index.php?rest_route=\/wp\/v2\/posts\/53854\/revisions"}],"wp:attachment":[{"href":"https:\/\/webciudadana.net\/index.php?rest_route=%2Fwp%2Fv2%2Fmedia&parent=53854"}],"wp:term":[{"taxonomy":"category","embeddable":true,"href":"https:\/\/webciudadana.net\/index.php?rest_route=%2Fwp%2Fv2%2Fcategories&post=53854"},{"taxonomy":"post_tag","embeddable":true,"href":"https:\/\/webciudadana.net\/index.php?rest_route=%2Fwp%2Fv2%2Ftags&post=53854"}],"curies":[{"name":"wp","href":"https:\/\/api.w.org\/{rel}","templated":true}]}}