{"id":53857,"date":"2024-07-01T11:53:10","date_gmt":"2024-07-01T09:53:10","guid":{"rendered":"https:\/\/ticker-noticiasep.microcontenidos.com\/NoticiaRSS.vbhtml?user=FRND562DLP&amp;cod=20240701115310"},"modified":"2024-07-01T11:53:10","modified_gmt":"2024-07-01T09:53:10","slug":"sociedad-la-asociacion-europea-de-industria-tecnologia-e-innovacion-estrena-delegacion-en-portugal","status":"publish","type":"post","link":"https:\/\/webciudadana.net\/?p=53857","title":{"rendered":"Sociedad: La Asociaci\u00f3n Europea de Industria, Tecnolog\u00eda e Innovaci\u00f3n, estrena delegaci\u00f3n en Portugal"},"content":{"rendered":"\n<div><img decoding=\"async\" src=\"https:\/\/img.europapress.es\/fotoweb\/fotonoticia_20240701115310_300.jpg\" class=\"ff-og-image-inserted\"><\/div>\n<p>(Informaci\u00f3n remitida por la empresa firmante)<\/p>\n<p>\nLa conocida Asociaci\u00f3n de ayuda a las empresas espa\u00f1olas, se expande al pa\u00eds vecino<\/p>\n<p>\nLisboa, 1 de julio de 2024.- La Asociaci\u00f3n Europea de Industria, Tecnolog\u00eda e Innovaci\u00f3n (AEITI) se complace en anunciar la apertura oficial de su nueva delegaci\u00f3n en Portugal, marcando un hito significativo en su misi\u00f3n de promover el desarrollo y la innovaci\u00f3n en el \u00e1mbito industrial y tecnol\u00f3gico en Europa.<\/p>\n<p> La nueva delegaci\u00f3n, ubicada en el coraz\u00f3n de Lisboa, pretende ser un centro estrat\u00e9gico que refuerce la colaboraci\u00f3n entre empresas, instituciones acad\u00e9micas y entidades gubernamentales portuguesas y europeas. Con esta expansi\u00f3n, AEITI busca fomentar la investigaci\u00f3n, el desarrollo y la implementaci\u00f3n de tecnolog\u00edas emergentes, as\u00ed como apoyar a las empresas locales en su proceso de digitalizaci\u00f3n y competitividad global.<\/p>\n<p> \u00abEstamos entusiasmados con la apertura de nuestra delegaci\u00f3n en Portugal. Este paso refleja nuestro compromiso de impulsar la innovaci\u00f3n y el crecimiento sostenible en toda Europa\u00bb, declar\u00f3 D. Jordi Bentanachs, presidente de AEITI. \u00abPortugal, con su vibrante ecosistema tecnol\u00f3gico y su enfoque en la transformaci\u00f3n digital, ofrece un entorno ideal para ampliar nuestras iniciativas y construir alianzas estrat\u00e9gicas, nuestro delegado D. Bruno Ricardo Moreira, ser\u00e1 quien nos representar\u00e1 ante las autoridades y empresas portuguesas\u00bb.<\/p>\n<p> La delegaci\u00f3n en Lisboa no solo servir\u00e1 como un punto de contacto esencial para los miembros de AEITI en la regi\u00f3n, sino que tambi\u00e9n organizar\u00e1 eventos, conferencias y talleres destinados a fortalecer la cooperaci\u00f3n transnacional y acelerar el progreso tecnol\u00f3gico. Adem\u00e1s, se prev\u00e9 la creaci\u00f3n de programas espec\u00edficos para apoyar a las startups y pymes en su acceso a mercados internacionales y tecnolog\u00edas avanzadas.<\/p>\n<p> \u00abEsta apertura es una oportunidad para que Portugal se convierta en un referente en el sector de la innovaci\u00f3n industrial y tecnol\u00f3gica en Europa\u00bb, coment\u00f3 Bruno Ricardo Moreira, nuevo delegado de AEITI en Portugal. \u00abEstamos listos para trabajar de la mano, con los actores locales y europeos, impulsando proyectos que generen un impacto positivo y duradero en nuestra sociedad, adem\u00e1s empezaremos concediendo premios europeos a empresas portuguesas\u00bb.<\/p>\n<p> La inauguraci\u00f3n de la delegaci\u00f3n en Lisboa subraya la visi\u00f3n de AEITI de una Europa m\u00e1s integrada y tecnol\u00f3gicamente avanzada, donde la cooperaci\u00f3n y la innovaci\u00f3n sean los pilares fundamentales del desarrollo econ\u00f3mico y social.<\/p>\n<p> AEITI es una organizaci\u00f3n l\u00edder en Europa dedicada a promover el desarrollo industrial, la innovaci\u00f3n tecnol\u00f3gica y la colaboraci\u00f3n entre los diversos actores del ecosistema industrial y tecnol\u00f3gico. Con presencia en varios pa\u00edses a nivel mundial, mantiene un tratado con China Science and Technology, as\u00ed mismo con la Fundaci\u00f3n INSJ de Miami, AEITI trabaja para crear un entorno propicio para la innovaci\u00f3n, facilitando la transferencia de conocimiento, la colaboraci\u00f3n internacional y el acceso a recursos y oportunidades, puede conocerse en www.aeiti.eu.<\/p>\n<p> AEITI, concede el Premio Europeo al Talento Empresarial y el Premio Europeo de Tecnolog\u00eda e Innovaci\u00f3n, esperando poder tener sus primeros premiados portugueses en septiembre de 2024.<\/p>\n<p> AEITI, surgi\u00f3 de la mano de los reputados empresarios espa\u00f1oles, D. Jordi Bentanachs y D\u00f1a. Rosa Mar\u00eda Puentedura, presidente y vicepresidenta de la entidad y tiene como socios de honor al reputado periodista, expol\u00edtico y polit\u00f3logo, tambi\u00e9n fundador y presidente del Club Rotary de Madrid D. Bernardo Rabassa Asenjo y D. Manuel Garc\u00eda Marcos, reputado oftalm\u00f3logo, distinguido por el premio al m\u00e9rito Humanitario, Premio Benem\u00e9rito de Honor, Premio Europeo de Tecnolog\u00eda e Innovaci\u00f3n* y Estetoscopio de Oro a la Innovaci\u00f3n en la Medicina.<\/p>\n<p> Contacto<\/p>\n<p>\nNombre contacto: ASOCIACION EUROPEA DE INDUSTRIA TECNOLOGIA E INNOVACION<\/p>\n<p>\nDescripci\u00f3n contacto: ASOCIACION EUROPEA DE INDUSTRIA, TECNOLOGIA E INNOVACION<\/p>\n<p>\nTel\u00e9fono de contacto: 686881665<\/p>\n","protected":false},"excerpt":{"rendered":"<p>(Informaci\u00f3n remitida por la empresa firmante) La conocida Asociaci\u00f3n de ayuda a las empresas espa\u00f1olas, se expande al pa\u00eds vecino Lisboa, 1 de julio de 2024.- La Asociaci\u00f3n Europea de Industria, Tecnolog\u00eda e Innovaci\u00f3n (AEITI) se complace en anunciar la apertura oficial de su nueva delegaci\u00f3n en Portugal, marcando un hito significativo en su misi\u00f3n [&hellip;]<\/p>\n","protected":false},"author":1,"featured_media":0,"comment_status":"closed","ping_status":"closed","sticky":false,"template":"","format":"standard","meta":{"footnotes":""},"categories":[2],"tags":[],"class_list":["post-53857","post","type-post","status-publish","format-standard","hentry","category-noticias"],"_links":{"self":[{"href":"https:\/\/webciudadana.net\/index.php?rest_route=\/wp\/v2\/posts\/53857","targetHints":{"allow":["GET"]}}],"collection":[{"href":"https:\/\/webciudadana.net\/index.php?rest_route=\/wp\/v2\/posts"}],"about":[{"href":"https:\/\/webciudadana.net\/index.php?rest_route=\/wp\/v2\/types\/post"}],"author":[{"embeddable":true,"href":"https:\/\/webciudadana.net\/index.php?rest_route=\/wp\/v2\/users\/1"}],"replies":[{"embeddable":true,"href":"https:\/\/webciudadana.net\/index.php?rest_route=%2Fwp%2Fv2%2Fcomments&post=53857"}],"version-history":[{"count":0,"href":"https:\/\/webciudadana.net\/index.php?rest_route=\/wp\/v2\/posts\/53857\/revisions"}],"wp:attachment":[{"href":"https:\/\/webciudadana.net\/index.php?rest_route=%2Fwp%2Fv2%2Fmedia&parent=53857"}],"wp:term":[{"taxonomy":"category","embeddable":true,"href":"https:\/\/webciudadana.net\/index.php?rest_route=%2Fwp%2Fv2%2Fcategories&post=53857"},{"taxonomy":"post_tag","embeddable":true,"href":"https:\/\/webciudadana.net\/index.php?rest_route=%2Fwp%2Fv2%2Ftags&post=53857"}],"curies":[{"name":"wp","href":"https:\/\/api.w.org\/{rel}","templated":true}]}}