{"id":53858,"date":"2024-07-01T11:48:46","date_gmt":"2024-07-01T09:48:46","guid":{"rendered":"https:\/\/ticker-noticiasep.microcontenidos.com\/NoticiaRSS.vbhtml?user=FRND562DLP&amp;cod=20240701114846"},"modified":"2024-07-01T11:48:46","modified_gmt":"2024-07-01T09:48:46","slug":"raive-joyas-inaugura-su-tercera-tienda-en-el-centro-comercial-la-maquinista","status":"publish","type":"post","link":"https:\/\/webciudadana.net\/?p=53858","title":{"rendered":"RAIVE Joyas inaugura su tercera tienda en el Centro Comercial La Maquinista"},"content":{"rendered":"\n<div><img decoding=\"async\" src=\"https:\/\/img.europapress.es\/fotoweb\/fotonoticia_20240701114846_300.jpg\" class=\"ff-og-image-inserted\"><\/div>\n<p>(Informaci\u00f3n remitida por la empresa firmante)<\/p>\n<p>\nRAIVE Joyas inaugura su tercera tienda f\u00edsica en el Centro Comercial La Maquinista el pr\u00f3ximo 12 de julio. Esta apertura refuerza la presencia de RAIVE en el mercado, ofreciendo joyas artesanales exclusivas y de alta calidad, incluyendo la nueva l\u00ednea masculina JEN en colaboraci\u00f3n con Jos\u00e9 El\u00edas Navarro. El evento contar\u00e1 con regalos, m\u00fasica y brindis<\/p>\n<p>\nBarcelona, 1 de julio de 2024.- RAIVE, la prestigiosa joyer\u00eda artesanal fundada en 2015 en Barcelona, anuncia la apertura de su tercera tienda f\u00edsica en el Centro Comercial La Maquinista el pr\u00f3ximo viernes 12 de julio. Con esta inauguraci\u00f3n, RAIVE no solo refuerza su presencia en el mercado, sino que tambi\u00e9n ofrece una nueva opci\u00f3n para aquellos interesados en comprar joyas exclusivas y de alta calidad.<\/p>\n<p> RAIVE es sin\u00f3nimo de elegancia y exclusividad. Sus joyas de plata y piedras semipreciosas, dise\u00f1adas y fabricadas en Barcelona por el cofundador Ra\u00fcl Carnero y su equipo de artesanos, capturan la esencia del sello Made in Spain. La marca se destaca por su propuesta unisex, combinando tradici\u00f3n y modernidad en cada pieza.<\/p>\n<p> Este abril, RAIVE expandi\u00f3 su visi\u00f3n con el lanzamiento de JEN, una nueva l\u00ednea de joyas para hombre en colaboraci\u00f3n con el renombrado empresario y comunicador Jos\u00e9 El\u00edas Navarro. JEN ofrece una colecci\u00f3n audaz y carism\u00e1tica de joyas de plata, piedras semipreciosas y cuero, que estar\u00e1 disponible en todas las boutiques de RAIVE, incluyendo un c\u00f3rner exclusivo en la nueva tienda de La Maquinista.<\/p>\n<p> La inauguraci\u00f3n el 12 de julio ser\u00e1 un evento especial con regalos, m\u00fasica, brindis y la presencia del propio Jos\u00e9 El\u00edas Navarro. Los asistentes tendr\u00e1n la oportunidad de descubrir las nuevas colecciones y disfrutar de una experiencia \u00fanica.<\/p>\n<p> Desde su primera tienda en el Centro Comercial Gran V\u00eda 2, inaugurada en noviembre de 2019, hasta su segunda boutique en el Centro Comercial Diagonal Mar, abierta en abril de 2023, RAIVE ha llevado su arte a diversas joyer\u00edas multimarca a lo largo y ancho del pa\u00eds. La apertura de esta nueva tienda en La Maquinista subraya el compromiso de RAIVE con la joyer\u00eda de alta calidad, dise\u00f1ada y fabricada bajo demanda, desafiando las tendencias de fabricaci\u00f3n en masa.<\/p>\n<p> Para m\u00e1s informaci\u00f3n, se puede visitar RAIVE Joyas o JEN<\/p>\n<p>\nEmisor: RAIVE<\/p>\n<p>\nContacto<\/p>\n<p>\nNombre contacto: Veronica Rivero<\/p>\n<p>\nDescripci\u00f3n contacto: CEO<\/p>\n<p>\nTel\u00e9fono de contacto: +34 669 82 60 52<\/p>\n","protected":false},"excerpt":{"rendered":"<p>(Informaci\u00f3n remitida por la empresa firmante) RAIVE Joyas inaugura su tercera tienda f\u00edsica en el Centro Comercial La Maquinista el pr\u00f3ximo 12 de julio. Esta apertura refuerza la presencia de RAIVE en el mercado, ofreciendo joyas artesanales exclusivas y de alta calidad, incluyendo la nueva l\u00ednea masculina JEN en colaboraci\u00f3n con Jos\u00e9 El\u00edas Navarro. El [&hellip;]<\/p>\n","protected":false},"author":1,"featured_media":0,"comment_status":"closed","ping_status":"closed","sticky":false,"template":"","format":"standard","meta":{"footnotes":""},"categories":[2],"tags":[],"class_list":["post-53858","post","type-post","status-publish","format-standard","hentry","category-noticias"],"_links":{"self":[{"href":"https:\/\/webciudadana.net\/index.php?rest_route=\/wp\/v2\/posts\/53858","targetHints":{"allow":["GET"]}}],"collection":[{"href":"https:\/\/webciudadana.net\/index.php?rest_route=\/wp\/v2\/posts"}],"about":[{"href":"https:\/\/webciudadana.net\/index.php?rest_route=\/wp\/v2\/types\/post"}],"author":[{"embeddable":true,"href":"https:\/\/webciudadana.net\/index.php?rest_route=\/wp\/v2\/users\/1"}],"replies":[{"embeddable":true,"href":"https:\/\/webciudadana.net\/index.php?rest_route=%2Fwp%2Fv2%2Fcomments&post=53858"}],"version-history":[{"count":0,"href":"https:\/\/webciudadana.net\/index.php?rest_route=\/wp\/v2\/posts\/53858\/revisions"}],"wp:attachment":[{"href":"https:\/\/webciudadana.net\/index.php?rest_route=%2Fwp%2Fv2%2Fmedia&parent=53858"}],"wp:term":[{"taxonomy":"category","embeddable":true,"href":"https:\/\/webciudadana.net\/index.php?rest_route=%2Fwp%2Fv2%2Fcategories&post=53858"},{"taxonomy":"post_tag","embeddable":true,"href":"https:\/\/webciudadana.net\/index.php?rest_route=%2Fwp%2Fv2%2Ftags&post=53858"}],"curies":[{"name":"wp","href":"https:\/\/api.w.org\/{rel}","templated":true}]}}