{"id":53860,"date":"2024-07-01T12:28:15","date_gmt":"2024-07-01T10:28:15","guid":{"rendered":"https:\/\/ticker-noticiasep.microcontenidos.com\/NoticiaRSS.vbhtml?user=FRND562DLP&amp;cod=20240701122815"},"modified":"2024-07-01T12:28:15","modified_gmt":"2024-07-01T10:28:15","slug":"mundo-la-presidenta-de-allatra-hablo-del-cambio-climatico-con-el-papa-francisco","status":"publish","type":"post","link":"https:\/\/webciudadana.net\/?p=53860","title":{"rendered":"Mundo: La Presidenta de ALLATRA habl\u00f3 del cambio clim\u00e1tico con el Papa Francisco"},"content":{"rendered":"\n<div><img decoding=\"async\" src=\"https:\/\/img.europapress.es\/fotoweb\/fotonoticia_20240701122815_300.jpg\" class=\"ff-og-image-inserted\"><\/div>\n<p>(Informaci\u00f3n remitida por la empresa firmante)<\/p>\n<p>\nEl Papa recibi\u00f3 a la presidenta de ALLATRA en audiencia en el Vaticano<\/p>\n<p>\nVATICAN CITY, 1 de julio de 2024 \/PRNewswire\/ &#8212; El Papa Francisco recibi\u00f3 a distinguidos cient\u00edficos y expertos de diversos pa\u00edses y disciplinas en una audiencia privada en el Palacio Apost\u00f3lico de la Ciudad del Vaticano. Los asistentes seleccionados participaron en la Conferencia Internacional de tres d\u00edas sobre \u00abInteligencia artificial generativa y paradigma tecnocr\u00e1tico\u00bb, organizada por la Fundaci\u00f3n Centesimus Annus Pro Pontificie (CAPP), que opera dentro de la Secretar\u00eda de Estado de la Santa Sede y dirigida por la estimada Presidenta Dra. Anna Mar\u00eda Tarantola.<\/p>\n<p> Entre los invitados se encontraban el Dr. A. Egon Cholakian, experto en seguridad nacional, asesor de asuntos gubernamentales del Movimiento Internacional Social ALLATRA en Washington DC (miembro de la Fundaci\u00f3n CAPP), Marina Ovtsynova, presidenta del Movimiento Internacional Social ALLATRA.<\/p>\n<p> Durante la audiencia en el Vaticano, la presidenta de ALLATRA present\u00f3 al Papa Francisco un informe clim\u00e1tico \u00abSobre la Progresi\u00f3n de los Desastres Clim\u00e1ticos en la Tierra y sus Consecuencias Catastr\u00f3ficas\u00bb. En su conversaci\u00f3n personal, plante\u00f3 el tema del cambio clim\u00e1tico como un problema global, enfatizando que representa uno de los desaf\u00edos m\u00e1s apremiantes para la humanidad.<\/p>\n<p> Durante la conversaci\u00f3n, el Papa Francisco escuch\u00f3 atentamente y expres\u00f3 su placer de ofrecer su bendici\u00f3n al Movimiento Internacional Social ALLATRA, que est\u00e1 representado por participantes de m\u00e1s de 180 pa\u00edses. Cabe destacar que \u00faltimamente ALLATRA cuenta con un n\u00famero activo y creciente de participantes hispanohablantes, que contribuyen significativamente a las iniciativas globales del Movimiento.<\/p>\n<p> La conferencia internacional tambi\u00e9n incluy\u00f3 debates sobre las innovaciones tecnol\u00f3gicas que dar\u00e1n forma al futuro de la civilizaci\u00f3n.<\/p>\n<p> Dado que el futuro de la humanidad se jugar\u00e1 en el frente de la innovaci\u00f3n tecnol\u00f3gica, el Papa Francisco afirm\u00f3: \u00abNo debemos perder la oportunidad de pensar y actuar de un modo nuevo, con la mente, el coraz\u00f3n y las manos, para orientar la innovaci\u00f3n hacia una configuraci\u00f3n centrada en la primac\u00eda de la dignidad humana\u00bb &#8211; cita \u00abVatican News\u00bb.<\/p>\n<p> Durante el evento, en un debate fundamental con los organizadores de la conferencia, Marina Ovtsynova, presidenta del Movimiento Internacional Social ALLATRA, abord\u00f3 las apremiantes amenazas globales a la libertad y la democracia. La se\u00f1ora Ovtsynova se refiri\u00f3 a la investigaci\u00f3n en curso sobre la persecuci\u00f3n ilegal de los participantes de ALLATRA en varios pa\u00edses con bajos \u00edndices de democracia. En concreto, detall\u00f3 c\u00f3mo fueron sometidos a una campa\u00f1a de difamaci\u00f3n iniciada por una organizaci\u00f3n rusa anti culto. Adem\u00e1s, mencion\u00f3 que esta campa\u00f1a de difamaci\u00f3n se produjo no s\u00f3lo en Rusia sino tambi\u00e9n en Ucrania, lo que indica la influencia significativa de la organizaci\u00f3n rusa anti culto en Ucrania.<\/p>\n<p> Durante la conversaci\u00f3n, Marina Ovtsynova tambi\u00e9n plante\u00f3 la cuesti\u00f3n de que las organizaciones anti cultos, que existen en contra de las normas democr\u00e1ticas, ensombrecen la fe y lo que representa el cristianismo: la libertad de religi\u00f3n y la libertad de conciencia.<\/p>\n<p> Durante una audiencia el 22 de junio de 2024, Marina Ovtsynova expres\u00f3 su m\u00e1s sincero agradecimiento al Papa Francisco por sus importantes contribuciones como l\u00edder responsable y decisivo en la integraci\u00f3n social de la Iglesia Cat\u00f3lica Romana y por fortalecer su papel en la sociedad secular contempor\u00e1nea. Tambi\u00e9n le agradeci\u00f3 su amabilidad, calidez y apoyo durante este momento tan especial para ALLATRA.<\/p>\n<p>\nFoto &#8212; https:\/\/mma.prnewswire.com\/media\/2451852\/ALLATRA_Pope_Francis_Maryna_Ovtsynova.jpg<\/p>\n<p>\nFoto &#8212; https:\/\/mma.prnewswire.com\/media\/2451853\/Vatican_ALLATRA_collage.jpg<\/p>\n<p> View original content to download multimedia:https:\/\/www.prnewswire.com\/news-releases\/la-presidenta-de-allatra-hablo-del-cambio-climatico-con-el-papa-francisco-302186824.html<\/p>\n","protected":false},"excerpt":{"rendered":"<p>(Informaci\u00f3n remitida por la empresa firmante) El Papa recibi\u00f3 a la presidenta de ALLATRA en audiencia en el Vaticano VATICAN CITY, 1 de julio de 2024 \/PRNewswire\/ &#8212; El Papa Francisco recibi\u00f3 a distinguidos cient\u00edficos y expertos de diversos pa\u00edses y disciplinas en una audiencia privada en el Palacio Apost\u00f3lico de la Ciudad del Vaticano. [&hellip;]<\/p>\n","protected":false},"author":1,"featured_media":0,"comment_status":"closed","ping_status":"closed","sticky":false,"template":"","format":"standard","meta":{"footnotes":""},"categories":[2],"tags":[],"class_list":["post-53860","post","type-post","status-publish","format-standard","hentry","category-noticias"],"_links":{"self":[{"href":"https:\/\/webciudadana.net\/index.php?rest_route=\/wp\/v2\/posts\/53860","targetHints":{"allow":["GET"]}}],"collection":[{"href":"https:\/\/webciudadana.net\/index.php?rest_route=\/wp\/v2\/posts"}],"about":[{"href":"https:\/\/webciudadana.net\/index.php?rest_route=\/wp\/v2\/types\/post"}],"author":[{"embeddable":true,"href":"https:\/\/webciudadana.net\/index.php?rest_route=\/wp\/v2\/users\/1"}],"replies":[{"embeddable":true,"href":"https:\/\/webciudadana.net\/index.php?rest_route=%2Fwp%2Fv2%2Fcomments&post=53860"}],"version-history":[{"count":0,"href":"https:\/\/webciudadana.net\/index.php?rest_route=\/wp\/v2\/posts\/53860\/revisions"}],"wp:attachment":[{"href":"https:\/\/webciudadana.net\/index.php?rest_route=%2Fwp%2Fv2%2Fmedia&parent=53860"}],"wp:term":[{"taxonomy":"category","embeddable":true,"href":"https:\/\/webciudadana.net\/index.php?rest_route=%2Fwp%2Fv2%2Fcategories&post=53860"},{"taxonomy":"post_tag","embeddable":true,"href":"https:\/\/webciudadana.net\/index.php?rest_route=%2Fwp%2Fv2%2Ftags&post=53860"}],"curies":[{"name":"wp","href":"https:\/\/api.w.org\/{rel}","templated":true}]}}