{"id":53881,"date":"2024-07-02T09:37:37","date_gmt":"2024-07-02T07:37:37","guid":{"rendered":"https:\/\/ticker-noticiasep.microcontenidos.com\/NoticiaRSS.vbhtml?user=FRND562DLP&amp;cod=20240702093737"},"modified":"2024-07-02T09:37:37","modified_gmt":"2024-07-02T07:37:37","slug":"talento-local-gastronomia-y-solidaridad-mas-de-doce-horas-de-musica-en-aspaym-cyl-festivall","status":"publish","type":"post","link":"https:\/\/webciudadana.net\/?p=53881","title":{"rendered":"Talento local, gastronom\u00eda y solidaridad: m\u00e1s de doce horas de m\u00fasica en ASPAYM CyL Festivall"},"content":{"rendered":"\n<div><img decoding=\"async\" src=\"https:\/\/img.europapress.es\/fotoweb\/fotonoticia_20240702093737_300.jpg\" class=\"ff-og-image-inserted\"><\/div>\n<p>(Informaci\u00f3n remitida por la empresa firmante)<\/p>\n<p> \u00b7 El festival se celebrar\u00e1 en el parking exterior de Vallsur de 13:00 a 02:00 horas, y contar\u00e1 con las actuaciones de numerosos grupos de la ciudad como Ca\u00f1oneros, Cabeza de Gallo, Los Daza DJ, Happening, Augusta Sonora, Destrangis, DJ Jota y Levitants<\/p>\n<p> Valladolid, 2 de julio de 2024.- El pr\u00f3ximo s\u00e1bado 6 de julio tendr\u00e1 lugar \u2018ASPAYM CyL FestiVall\u2019, el festival solidario e inclusivo organizado por Vallsur y ASPAYM Castilla y Le\u00f3n, que reunir\u00e1 durante m\u00e1s de 12 horas la mejor m\u00fasica local y una variada propuesta gastron\u00f3mica.<\/p>\n<p> El festival se celebrar\u00e1 en el parking exterior de Vallsur de 13:00 a 02:00 horas, y contar\u00e1 con las actuaciones de numerosos grupos de la ciudad como Ca\u00f1oneros, Cabeza de Gallo, Los Daza DJ, Happening, Augusta Sonora, Destrangis, DJ Jota y Levitants. Adem\u00e1s de la apuesta musical, el festival tambi\u00e9n contar\u00e1 con una amplia zona de restauraci\u00f3n donde estar\u00e1n presentes numerosos establecimientos gastron\u00f3micos de Vallsur. Tambi\u00e9n habr\u00e1 animaci\u00f3n a cargo de Santy Villate y por parte de las escuelas de Yrasema y BaileFox, donde se podr\u00e1n aprender algunos pasos de baile. Una iniciativa destinada a p\u00fablico de todas las edades, para que las familias al completo puedan disfrutar del evento.<\/p>\n<p> Adem\u00e1s de una fiesta de m\u00fasica y entretenimiento, este festival surge como una manera de reivindicar la importancia de organizar eventos que cumplan con los criterios de accesibilidad universal y que sean inclusivos. Este enfoque garantiza que las personas con discapacidad puedan disfrutar del ocio y la m\u00fasica en igualdad de condiciones con el resto de la sociedad.<\/p>\n<p> Los beneficios recaudados a trav\u00e9s de un donativo de 6 euros, que cuesta adquirir la entrada, as\u00ed como de las consumiciones, ir\u00e1n destinados a ASPAYM Castilla y Le\u00f3n. Lo recaudada se emplear\u00e1 en la adquisici\u00f3n de material espec\u00edfico y tecnolog\u00eda puntera para el tratamiento de patolog\u00eda infantil, as\u00ed como a la implantaci\u00f3n de la sala de ejercicio terap\u00e9utico y dolor cr\u00f3nico de la sede de Valladolid. El objetivo es ofrecer tratamientos innovadores a las personas con discapacidad, adapt\u00e1ndolos a las necesidades individuales de cada paciente.<\/p>\n<p> Las entradas se pueden adquirir en Vallsur, en ASPAYM CyL en Valladolid (C\/ Trevi\u00f1o 74) y en IMPULSA IGUALDAD (C\/ H\u00edpica 9), as\u00ed como de forma online en https:\/\/entradium.com\/events\/aspaym-cyl-festivall-valladolid-solidario.<\/p>\n<p> ASPAYM CyL Festivall <\/p>\n<p> Fechas: S\u00e1bado, 6 de julio<\/p>\n<p> Horario: de 13:00 a 02:00 horas <\/p>\n<p> &#8211; 13:00 &#8211; 14:15: CA\u00d1ONEROS<\/p>\n<p> &#8211; 15:00 &#8211; 16:00: CABEZA DE GALLO<\/p>\n<p> &#8211; 16:00 &#8211; 18:00: LOS DAZA DJ<\/p>\n<p> &#8211; 18:00 &#8211; 19:00: HAPPENING<\/p>\n<p> &#8211; 19:45 &#8211; 21:00: DESTRANGIS<\/p>\n<p> &#8211; 21:45 &#8211; 22:50: LEVITANTS<\/p>\n<p> &#8211; 23:35 &#8211; 00:35: AUGUSTA SONORA <\/p>\n<p> &#8211; 00:35 &#8211; 2:00: DJ JOTA<\/p>\n<p> Lugar: Parking Exterior de Vallsur<\/p>\n<p> Entrada: Donativo 6 euros<\/p>\n<p> Sobre Vallsur &#8211; www.vallsur.com <\/p>\n<p> Desde su apertura, el centro comercial Vallsur, gestionado por CBRE REAL ESTATE, se ha convertido en un referente en la ciudad de Valladolid. Con una superficie de 35.160 m2, m\u00e1s de 90 tiendas y 2.000 plazas de aparcamiento, el centro pone a disposici\u00f3n de sus clientes una gran oferta de servicios cuyo objetivo es satisfacer todas sus necesidades. Adem\u00e1s, Vallsur tiene una clara pol\u00edtica de compromiso en el medio ambiente, tal y como demuestra su sistema de gesti\u00f3n ambiental de acuerdo a la normativa ISO 14001:2004.<\/p>\n<p> Para m\u00e1s informaci\u00f3n o gesti\u00f3n de entrevistas: <\/p>\n<p> AGENCIA DE COMUNICACI\u00d3N DE VALLSUR: <\/p>\n<p> europa press Comunicaci\u00f3n &#8211; 91 359 26 00 <\/p>\n<p> LETICIA G\u00d3MEZ &#8211; leticiagomez@europapress.es<\/p>\n<p> SILVIA MULLOR &#8211; silviamullor@europapress.es <\/p>\n","protected":false},"excerpt":{"rendered":"<p>(Informaci\u00f3n remitida por la empresa firmante) \u00b7 El festival se celebrar\u00e1 en el parking exterior de Vallsur de 13:00 a 02:00 horas, y contar\u00e1 con las actuaciones de numerosos grupos de la ciudad como Ca\u00f1oneros, Cabeza de Gallo, Los Daza DJ, Happening, Augusta Sonora, Destrangis, DJ Jota y Levitants Valladolid, 2 de julio de 2024.- [&hellip;]<\/p>\n","protected":false},"author":1,"featured_media":0,"comment_status":"closed","ping_status":"closed","sticky":false,"template":"","format":"standard","meta":{"footnotes":""},"categories":[2],"tags":[],"class_list":["post-53881","post","type-post","status-publish","format-standard","hentry","category-noticias"],"_links":{"self":[{"href":"https:\/\/webciudadana.net\/index.php?rest_route=\/wp\/v2\/posts\/53881","targetHints":{"allow":["GET"]}}],"collection":[{"href":"https:\/\/webciudadana.net\/index.php?rest_route=\/wp\/v2\/posts"}],"about":[{"href":"https:\/\/webciudadana.net\/index.php?rest_route=\/wp\/v2\/types\/post"}],"author":[{"embeddable":true,"href":"https:\/\/webciudadana.net\/index.php?rest_route=\/wp\/v2\/users\/1"}],"replies":[{"embeddable":true,"href":"https:\/\/webciudadana.net\/index.php?rest_route=%2Fwp%2Fv2%2Fcomments&post=53881"}],"version-history":[{"count":0,"href":"https:\/\/webciudadana.net\/index.php?rest_route=\/wp\/v2\/posts\/53881\/revisions"}],"wp:attachment":[{"href":"https:\/\/webciudadana.net\/index.php?rest_route=%2Fwp%2Fv2%2Fmedia&parent=53881"}],"wp:term":[{"taxonomy":"category","embeddable":true,"href":"https:\/\/webciudadana.net\/index.php?rest_route=%2Fwp%2Fv2%2Fcategories&post=53881"},{"taxonomy":"post_tag","embeddable":true,"href":"https:\/\/webciudadana.net\/index.php?rest_route=%2Fwp%2Fv2%2Ftags&post=53881"}],"curies":[{"name":"wp","href":"https:\/\/api.w.org\/{rel}","templated":true}]}}