{"id":53882,"date":"2024-07-02T10:39:24","date_gmt":"2024-07-02T08:39:24","guid":{"rendered":"https:\/\/ticker-noticiasep.microcontenidos.com\/NoticiaRSS.vbhtml?user=FRND562DLP&amp;cod=20240702103924"},"modified":"2024-07-02T10:39:24","modified_gmt":"2024-07-02T08:39:24","slug":"erum-vial-participa-en-la-jornada-organizada-por-cope-retos-del-transporte-por-carretera","status":"publish","type":"post","link":"https:\/\/webciudadana.net\/?p=53882","title":{"rendered":"Erum Vial participa en la jornada organizada por COPE &#8216;Retos del transporte por carretera&#8217;"},"content":{"rendered":"\n<div><img decoding=\"async\" src=\"https:\/\/img.europapress.es\/fotoweb\/fotonoticia_20240702103924_300.jpg\" class=\"ff-og-image-inserted\"><\/div>\n<p>(Informaci\u00f3n remitida por la empresa firmante)<\/p>\n<p>\nEl director comercial de Erum Vial, Jaime Scott, present\u00f3 el dispositivo estrella de Erum Vial, la luz de emergencia conectada LEDONE Connected<\/p>\n<p>\nMadrid, 2 de julio de 2024.- El pasado 27 de junio, Erum Vial (filial del Grupo Erum) particip\u00f3 en la jornada \u00abRetos del Transporte por Carretera\u00bb organizada por COPE, junto a la Conselleria de Medio Ambiente, Agua, Infraestructuras y Territorio de la Generalitat Valenciana y la UPV, un evento clave que reuni\u00f3 a destacados expertos y profesionales del sector. Este encuentro fue una oportunidad para abordar los desaf\u00edos y oportunidades que enfrenta el transporte por carretera en los pr\u00f3ximos a\u00f1os y la importancia de la conectividad en la seguridad vial.<\/p>\n<p> En representaci\u00f3n de Erum Vial, nuestro director comercial, Jaime Scott, fue uno de los ponentes principales en la mesa redonda sobre \u00abNuevos escenarios de transporte\u00bb. Durante su intervenci\u00f3n, Jaime enfatiz\u00f3 la importancia de la digitalizaci\u00f3n y la innovaci\u00f3n en el sector. Present\u00f3 el dispositivo estrella de Erum Vial, la luz de emergencia conectada LEDONE Connected, destacando su valor diferencial, ya que es una luz de emergencia con sobre altura, para superar las barras situadas sobre algunos veh\u00edculos, est\u00e1 fabricada con pl\u00e1stico reciclado en un 82% y eco dise\u00f1ada para optimizar su reciclabilidad.<\/p>\n<p> Esta luz de emergencia, homologada por la DGT 3.0, combina la apuesta en sostenibilidad de Erum Vial con un dise\u00f1o y conectividad que garantiza su fiabilidad y eficacia en mejorar la seguridad vial. La baliza V16 conectada pasar\u00e1 a ser obligatoria a partir de 2026 para mejorar la seguridad vial y acabar con los accidentes en carretera derivados del uso de los tri\u00e1ngulos de emergencia.<\/p>\n<p> Jaime Scott explic\u00f3 que \u00abes vital organizar conferencias especializadas, en este caso en el sector del transporte, que aportan mucho valor a trav\u00e9s de profesionales, empresas o asociaciones empresariales, que viven cada d\u00eda la problem\u00e1tica del sector y conocen de primera mano la situaci\u00f3n de la seguridad vial en carretera\u00bb. Scott a\u00f1adi\u00f3 que Espa\u00f1a es ejemplo de seguridad vial y que el resto de los pa\u00edses de la Uni\u00f3n Europea lo observan, en este sentido, la luz de emergencia LEDONE Connected representa un avance significativo en la seguridad vial, combinando sostenibilidad con tecnolog\u00eda de vanguardia para mejorar la seguridad vial, a trav\u00e9s de un importante esfuerzo por innovar y mejorar continuamente\u00bb.<\/p>\n<p> Durante la jornada, tambi\u00e9n se llevaron a cabo mesas redondas en las que participaron asociaciones, cooperativas y empresas del sector, sobre la visi\u00f3n general del transporte, la reglamentaci\u00f3n y la formaci\u00f3n. Estas sesiones permitieron a los asistentes obtener una visi\u00f3n integral de la situaci\u00f3n actual del transporte por carretera y las \u00e1reas que requieren mayor atenci\u00f3n y desarrollo.<\/p>\n<p> Entre los principales desaf\u00edos discutidos se encuentran la necesidad de generar iniciativas para atraer a profesionales al sector, adoptar tecnolog\u00edas avanzadas para mejorar la eficiencia y seguridad del transporte y la generaci\u00f3n de un marco legal adaptado a las necesidades actuales del sector.<\/p>\n<p> Contacto<\/p>\n<p>\nNombre contacto: Erum Vial<\/p>\n<p>\nDescripci\u00f3n contacto: Erum Vial<\/p>\n<p>\nTel\u00e9fono de contacto: +34 663 13 81 82<\/p>\n","protected":false},"excerpt":{"rendered":"<p>(Informaci\u00f3n remitida por la empresa firmante) El director comercial de Erum Vial, Jaime Scott, present\u00f3 el dispositivo estrella de Erum Vial, la luz de emergencia conectada LEDONE Connected Madrid, 2 de julio de 2024.- El pasado 27 de junio, Erum Vial (filial del Grupo Erum) particip\u00f3 en la jornada \u00abRetos del Transporte por Carretera\u00bb organizada [&hellip;]<\/p>\n","protected":false},"author":1,"featured_media":0,"comment_status":"closed","ping_status":"closed","sticky":false,"template":"","format":"standard","meta":{"footnotes":""},"categories":[2],"tags":[],"class_list":["post-53882","post","type-post","status-publish","format-standard","hentry","category-noticias"],"_links":{"self":[{"href":"https:\/\/webciudadana.net\/index.php?rest_route=\/wp\/v2\/posts\/53882","targetHints":{"allow":["GET"]}}],"collection":[{"href":"https:\/\/webciudadana.net\/index.php?rest_route=\/wp\/v2\/posts"}],"about":[{"href":"https:\/\/webciudadana.net\/index.php?rest_route=\/wp\/v2\/types\/post"}],"author":[{"embeddable":true,"href":"https:\/\/webciudadana.net\/index.php?rest_route=\/wp\/v2\/users\/1"}],"replies":[{"embeddable":true,"href":"https:\/\/webciudadana.net\/index.php?rest_route=%2Fwp%2Fv2%2Fcomments&post=53882"}],"version-history":[{"count":0,"href":"https:\/\/webciudadana.net\/index.php?rest_route=\/wp\/v2\/posts\/53882\/revisions"}],"wp:attachment":[{"href":"https:\/\/webciudadana.net\/index.php?rest_route=%2Fwp%2Fv2%2Fmedia&parent=53882"}],"wp:term":[{"taxonomy":"category","embeddable":true,"href":"https:\/\/webciudadana.net\/index.php?rest_route=%2Fwp%2Fv2%2Fcategories&post=53882"},{"taxonomy":"post_tag","embeddable":true,"href":"https:\/\/webciudadana.net\/index.php?rest_route=%2Fwp%2Fv2%2Ftags&post=53882"}],"curies":[{"name":"wp","href":"https:\/\/api.w.org\/{rel}","templated":true}]}}