{"id":53890,"date":"2024-07-02T12:52:59","date_gmt":"2024-07-02T10:52:59","guid":{"rendered":"https:\/\/ticker-noticiasep.microcontenidos.com\/NoticiaRSS.vbhtml?user=FRND562DLP&amp;cod=20240702125259"},"modified":"2024-07-02T12:52:59","modified_gmt":"2024-07-02T10:52:59","slug":"sociedad-clausura-del-curso-2023-2024-de-readaptacion-profesional-en-fremap","status":"publish","type":"post","link":"https:\/\/webciudadana.net\/?p=53890","title":{"rendered":"Sociedad: Clausura del Curso 2023-2024 de Readaptaci\u00f3n Profesional en FREMAP"},"content":{"rendered":"\n<div><img decoding=\"async\" src=\"https:\/\/img.europapress.es\/fotoweb\/fotonoticia_20240702125259_300.jpg\" class=\"ff-og-image-inserted\"><\/div>\n<p>(Informaci\u00f3n remitida por la empresa firmante)<\/p>\n<p>\nUn total de 78 alumnos, provenientes de 28 provincias espa\u00f1olas, recibieron sus diplomas de capacitaci\u00f3n profesional en nuevos oficios, acredit\u00e1ndolos como profesionales tras completar con \u00e9xito su curso de Formaci\u00f3n Profesional<\/p>\n<p>\nMajadahonda, 1 de julio de 2024.-El pasado viernes 28 de junio se celebr\u00f3 en el Campus Monte del Pilar de MAPFRE la clausura del curso 2023-2024 del Centro de Readaptaci\u00f3n Profesional de FREMAP en Majadahonda (Madrid).<\/p>\n<p> El acto, presidido por el Presidente de FREMAP, D. Mariano de Diego Hern\u00e1ndez, y la Presidenta de la Comisi\u00f3n de Prestaciones Especiales, D\u00f1a. Pilar Losada Cirilo, cont\u00f3 con la presencia del Director Gerente de FREMAP, D. Josu Esarte Sola, y el Secretario de la Comisi\u00f3n de Prestaciones Especiales, D. J. Lu\u00eds Checa Mart\u00edn.<\/p>\n<p> Este evento no solo fue una celebraci\u00f3n de logros acad\u00e9micos, sino tambi\u00e9n un reconocimiento a la resiliencia y determinaci\u00f3n de quienes han sufrido un accidente de trabajo y buscan reincorporarse a la vida laboral a trav\u00e9s del aprendizaje de una nueva profesi\u00f3n. La readaptaci\u00f3n profesional es fundamental para devolver a estas personas su autonom\u00eda y capacidad de contribuci\u00f3n en un mercado laboral en constante evoluci\u00f3n.<\/p>\n<p> FREMAP siempre ha estado comprometida con la readaptaci\u00f3n profesional, proporcionando esperanza y nuevas oportunidades a aquellos que m\u00e1s lo necesitan. La Comisi\u00f3n de Prestaciones Especiales de FREMAP juega un papel crucial en este proceso, facilitando recursos y apoyo financiero. En 2023, gracias a su desempe\u00f1o, se ha registrado un notable incremento del 32,90% en las prestaciones sociales concedidas en comparaci\u00f3n con 2022. Se han otorgado 408 ayudas sociales, sumando un total de 1.928.251,24 euros. De esta cantidad, 1.152.058,80 euros se han destinado a la formaci\u00f3n profesional, distribuidos en 202 ayudas que cubren tanto el coste de la formaci\u00f3n como una beca mensual durante el curso.<\/p>\n<p> El esfuerzo y la dedicaci\u00f3n de los alumnos, respaldados por sus familiares, profesores, trabajadoras sociales, m\u00e9dicos y personal de la mutua, fueron reconocidos en este emotivo acto. Este apoyo constante les ha permitido superar un reto significativo y prepararse para enfrentar con \u00e9xito los desaf\u00edos del mercado laboral.<\/p>\n<p> El 65 % de los alumnos que han pasado por el programa de readaptaci\u00f3n profesional de FREMAP ha encontrado un nuevo empleo, lo que subraya la efectividad y el impacto positivo de esta iniciativa. La clausura del curso 2023-2024 destac\u00f3 de manera conmovedora el esfuerzo colectivo y el compromiso de todos los involucrados en esta misi\u00f3n, que sigue construyendo un futuro mejor mediante la formaci\u00f3n y la capacitaci\u00f3n laboral.<\/p>\n<p> FREMAP contin\u00faa su labor incansable de brindar oportunidades y apoyar la reincorporaci\u00f3n laboral de quienes han enfrentado adversidades, demostrando que, con el apoyo adecuado, es posible transformar vidas y abrir nuevas puertas hacia el \u00e9xito profesional.<\/p>\n<p> Contacto<\/p>\n<p>\nNombre contacto: Comunicaci\u00f3n Externa FREMAP<\/p>\n<p>\nDescripci\u00f3n contacto: FREMAP<\/p>\n<p>\nTel\u00e9fono de contacto: 900 61 00 61<\/p>\n","protected":false},"excerpt":{"rendered":"<p>(Informaci\u00f3n remitida por la empresa firmante) Un total de 78 alumnos, provenientes de 28 provincias espa\u00f1olas, recibieron sus diplomas de capacitaci\u00f3n profesional en nuevos oficios, acredit\u00e1ndolos como profesionales tras completar con \u00e9xito su curso de Formaci\u00f3n Profesional Majadahonda, 1 de julio de 2024.-El pasado viernes 28 de junio se celebr\u00f3 en el Campus Monte del [&hellip;]<\/p>\n","protected":false},"author":1,"featured_media":0,"comment_status":"closed","ping_status":"closed","sticky":false,"template":"","format":"standard","meta":{"footnotes":""},"categories":[2],"tags":[],"class_list":["post-53890","post","type-post","status-publish","format-standard","hentry","category-noticias"],"_links":{"self":[{"href":"https:\/\/webciudadana.net\/index.php?rest_route=\/wp\/v2\/posts\/53890","targetHints":{"allow":["GET"]}}],"collection":[{"href":"https:\/\/webciudadana.net\/index.php?rest_route=\/wp\/v2\/posts"}],"about":[{"href":"https:\/\/webciudadana.net\/index.php?rest_route=\/wp\/v2\/types\/post"}],"author":[{"embeddable":true,"href":"https:\/\/webciudadana.net\/index.php?rest_route=\/wp\/v2\/users\/1"}],"replies":[{"embeddable":true,"href":"https:\/\/webciudadana.net\/index.php?rest_route=%2Fwp%2Fv2%2Fcomments&post=53890"}],"version-history":[{"count":0,"href":"https:\/\/webciudadana.net\/index.php?rest_route=\/wp\/v2\/posts\/53890\/revisions"}],"wp:attachment":[{"href":"https:\/\/webciudadana.net\/index.php?rest_route=%2Fwp%2Fv2%2Fmedia&parent=53890"}],"wp:term":[{"taxonomy":"category","embeddable":true,"href":"https:\/\/webciudadana.net\/index.php?rest_route=%2Fwp%2Fv2%2Fcategories&post=53890"},{"taxonomy":"post_tag","embeddable":true,"href":"https:\/\/webciudadana.net\/index.php?rest_route=%2Fwp%2Fv2%2Ftags&post=53890"}],"curies":[{"name":"wp","href":"https:\/\/api.w.org\/{rel}","templated":true}]}}