{"id":53899,"date":"2024-07-02T15:16:39","date_gmt":"2024-07-02T13:16:39","guid":{"rendered":"https:\/\/ticker-noticiasep.microcontenidos.com\/NoticiaRSS.vbhtml?user=FRND562DLP&amp;cod=20240702151639"},"modified":"2024-07-02T15:16:39","modified_gmt":"2024-07-02T13:16:39","slug":"ana-ivars-una-de-las-mujeres-mas-influyentes-en-marketing-digital-y-estrategia-de-habla-hispana","status":"publish","type":"post","link":"https:\/\/webciudadana.net\/?p=53899","title":{"rendered":"Ana Ivars, una de las mujeres m\u00e1s influyentes en marketing digital y estrategia de habla hispana"},"content":{"rendered":"\n<div><img decoding=\"async\" src=\"https:\/\/img.europapress.es\/fotoweb\/fotonoticia_20240702151639_300.jpg\" class=\"ff-og-image-inserted\"><\/div>\n<p>(Informaci\u00f3n remitida por la empresa firmante)<\/p>\n<p>\nEl \u00e9xito de cualquier negocio radica en las ventas, el impacto en el p\u00fablico y el recuerdo que genera una marca. En este sentido, para prosperar es necesario convertir a los desconocidos en embajadores. En buena medida, esto depende de la estrategia de marketing digital que se implemente.<\/p>\n<p> Madrid, 2 de julio de 2024.-Seg\u00fan indica la experta Ana Ivars, los primeros pasos consisten en establecer objetivos, definir recursos e implementar acciones. Esta mujer influyente en marketing digital se ha consolidado como una referencia en este sector en Espa\u00f1a y en Latinoam\u00e9rica. A prop\u00f3sito de esto, es la CEO de su propia agencia y consultora Dinamiza Digital y fundadora de la escuela Mark\u00e9tika Business School.<\/p>\n<p> Ana Ivars, experta en marketing digital, emprendedora en serie y conferencista<\/p>\n<p>\nDesde sus inicios, Ana Ivars, ten\u00eda claro que la formaci\u00f3n deb\u00eda formar parte de su carrera profesional, pero ense\u00f1ando desde la experiencia. Es por ello, que despu\u00e9s de trabajar en varias agencias de Marketing en Espa\u00f1a, decidi\u00f3 lanzarse al emprendimiento en el a\u00f1o 2016. Comenz\u00f3 ofreciendo servicios de estrategia y publicidad online para negocios digitales.<\/p>\n<p> La evoluci\u00f3n l\u00f3gica del crecimiento le llev\u00f3 a fundar en 2020 su agencia Dinamiza Digital, desde la que ha trabajado y lo siguen haciendo con grandes marcas como Sector Alarm, Editorial Bayard, Rubio o \u00c1rea Jur\u00eddica Global, entre otros. De la experiencia a la formaci\u00f3n, tanto es as\u00ed que ella misma define que desde el conocimiento y experiencia dise\u00f1as metodolog\u00edas, las implementan con sus clientes y las ense\u00f1an en las formaciones de su escuela Mark\u00e9tika Business School.<\/p>\n<p> Es por ello, que ha formado a los equipos y profesionales de marketing de grandes corporaciones como son Iberdrola, Remax, Luxottica o LaLiga. Incansable en aprender, imparable en ense\u00f1ar.<\/p>\n<p> En cuanto a su formaci\u00f3n, Ana Ivars es licenciada en Publicidad y Relaciones P\u00fablicas con un Postgrado en Redes Sociales. Tambi\u00e9n cuenta con un M\u00e1ster Universitario en Direcci\u00f3n Comercial y Marketing. Por lo que su crecimiento no solo est\u00e1 avalado por su experiencia, sino tambi\u00e9n por sus conocimientos, ella se define como una aprendiz eterna, tanto es as\u00ed que en la actualidad su mentor es el gran empresario y orador estadounidense Brian Tracy.<\/p>\n<p> Conferencista Internacional<\/p>\n<p>\nEcuador, M\u00e9xico y Rep\u00fablica Dominicana son algunos de los pa\u00edses que han contado con Ana Ivars para subirse a sus tarimas y formar a profesionales de marketing y negocios, y en menos de un mes la veremos tambi\u00e9n en Venezuela y Estados Unidos. Ella misma lo comparte y \u00abes que cada conferencia es una oportunidad para encender la pasi\u00f3n y acci\u00f3n de los asistentes\u00bb. Su mayor escenario fue en M\u00e9xico frente a 10.000 personas y en estos a\u00f1os ha compartido tarima con reconocidos profesionales a nivel mundial como es Tom Brady, Brian Tracy, Toni Nadal, Tom Bilyeu, Mari\u00e1n Rojas Estap\u00e9 o Sa\u00fal Craviotto.<\/p>\n<p> Autora de la Editorial Anaya con su libro \u00abC\u00f3mo crear anuncios que venden\u00bb y en la actualidad a las puertas de comenzar su segundo libro con otra gran editorial que por el momento no ha querido desvelar, pero que pronto veremos en sus redes sociales, se consolida tambi\u00e9n como escritora.<\/p>\n<p> \u00abReferente no te haces, sino que te hacen\u00bb, esto dice Ana Ivars y sin duda han sido otros profesionales, empresarios y emprendedores la que la etiquetan y hablan de ella como una de las mujeres con mayor influencia y referencia de marketing digital de habla hispana.<\/p>\n<p> Emisor: Dinamiza Digital<\/p>\n<p>\nContacto<\/p>\n<p>\nNombre de contacto: Dinamiza Digital<\/p>\n<p>\nDescripci\u00f3n de contacto: Gabinete Period\u00edstico<\/p>\n<p>\nEmail de contacto: comunicados@prensaymedios.com<\/p>\n","protected":false},"excerpt":{"rendered":"<p>(Informaci\u00f3n remitida por la empresa firmante) El \u00e9xito de cualquier negocio radica en las ventas, el impacto en el p\u00fablico y el recuerdo que genera una marca. En este sentido, para prosperar es necesario convertir a los desconocidos en embajadores. En buena medida, esto depende de la estrategia de marketing digital que se implemente. Madrid, [&hellip;]<\/p>\n","protected":false},"author":1,"featured_media":0,"comment_status":"closed","ping_status":"closed","sticky":false,"template":"","format":"standard","meta":{"footnotes":""},"categories":[2],"tags":[],"class_list":["post-53899","post","type-post","status-publish","format-standard","hentry","category-noticias"],"_links":{"self":[{"href":"https:\/\/webciudadana.net\/index.php?rest_route=\/wp\/v2\/posts\/53899","targetHints":{"allow":["GET"]}}],"collection":[{"href":"https:\/\/webciudadana.net\/index.php?rest_route=\/wp\/v2\/posts"}],"about":[{"href":"https:\/\/webciudadana.net\/index.php?rest_route=\/wp\/v2\/types\/post"}],"author":[{"embeddable":true,"href":"https:\/\/webciudadana.net\/index.php?rest_route=\/wp\/v2\/users\/1"}],"replies":[{"embeddable":true,"href":"https:\/\/webciudadana.net\/index.php?rest_route=%2Fwp%2Fv2%2Fcomments&post=53899"}],"version-history":[{"count":0,"href":"https:\/\/webciudadana.net\/index.php?rest_route=\/wp\/v2\/posts\/53899\/revisions"}],"wp:attachment":[{"href":"https:\/\/webciudadana.net\/index.php?rest_route=%2Fwp%2Fv2%2Fmedia&parent=53899"}],"wp:term":[{"taxonomy":"category","embeddable":true,"href":"https:\/\/webciudadana.net\/index.php?rest_route=%2Fwp%2Fv2%2Fcategories&post=53899"},{"taxonomy":"post_tag","embeddable":true,"href":"https:\/\/webciudadana.net\/index.php?rest_route=%2Fwp%2Fv2%2Ftags&post=53899"}],"curies":[{"name":"wp","href":"https:\/\/api.w.org\/{rel}","templated":true}]}}