{"id":53906,"date":"2024-07-03T08:01:59","date_gmt":"2024-07-03T06:01:59","guid":{"rendered":"https:\/\/ticker-noticiasep.microcontenidos.com\/NoticiaRSS.vbhtml?user=FRND562DLP&amp;cod=20240703080159"},"modified":"2024-07-03T08:01:59","modified_gmt":"2024-07-03T06:01:59","slug":"mundo-nji-patrocina-el-foro-de-asuntos-publicos-de-bruselas-2024","status":"publish","type":"post","link":"https:\/\/webciudadana.net\/?p=53906","title":{"rendered":"Mundo: NJI patrocina el Foro de Asuntos P\u00fablicos de Bruselas 2024"},"content":{"rendered":"\n<div><img decoding=\"async\" src=\"https:\/\/img.europapress.es\/fotoweb\/fotonoticia_20240703080159_300.jpg\" class=\"ff-og-image-inserted\"><\/div>\n<p>(Informaci\u00f3n remitida por la empresa firmante)<\/p>\n<p>\nBRUSELAS, 3 de julio de 2024 \/PRNewswire\/ &#8212; El mes pasado, NJI patrocin\u00f3 el Foro y el Viaje de Estudio sobre Asuntos P\u00fablicos de Bruselas del Consejo de Asuntos P\u00fablicos, encuentros que reunieron a las mentes m\u00e1s destacadas en asuntos p\u00fablicos globales para debatir el panorama din\u00e1mico de la Uni\u00f3n Europea (UE). El foro ofreci\u00f3 a los asistentes informaci\u00f3n sobre los desaf\u00edos y las oportunidades dentro del campo de los asuntos p\u00fablicos.<\/p>\n<p> Con los cambios regulatorios y los panoramas pol\u00edticos en constante cambio, comprender las complejidades de la UE es m\u00e1s importante que nunca. Un punto clave del foro fue el debate sobre el papel de los mensajes efectivos en las campa\u00f1as de asuntos p\u00fablicos de la UE. En una era de sobrecarga de informaci\u00f3n, es fundamental elaborar contenido que tenga eco en audiencias espec\u00edficas. Los oradores enfatizaron la importancia de la claridad, la relevancia y el atractivo emocional en los mensajes de asuntos p\u00fablicos.<\/p>\n<p> Al reflexionar sobre el evento, el consejero delegado y cofundador de NJI, Josh Shultz, se\u00f1al\u00f3: \u00abEl Foro PAC de Bruselas subray\u00f3 que los profesionales de los asuntos p\u00fablicos valoran la importancia de la creatividad imaginativa que trasciende el ruido e impulsa un compromiso significativo con las partes interesadas.\u00bb<\/p>\n<p>\nCon el auge de las tecnolog\u00edas digitales y la creciente importancia de la transparencia y la rendici\u00f3n de cuentas, los profesionales de asuntos p\u00fablicos deben mantenerse a la vanguardia. Las tendencias emergentes incluyen el an\u00e1lisis de datos en la estrategia de campa\u00f1a, la creciente influencia de las redes sociales y la necesidad de una gesti\u00f3n proactiva de las crisis.<\/p>\n<p> Shultz continu\u00f3: \u00abMientras afrontamos los desaf\u00edos y las oportunidades globales que se avecinan, NJI sigue comprometido con ayudar a nuestros clientes a aprovechar el poder de la creatividad y la innovaci\u00f3n para alcanzar sus objetivos de asuntos p\u00fablicos\u00bb.<\/p>\n<p> Acerca de NJI<\/p>\n<p>\nNJI es una agencia global galardonada que ofrece estrategias creativas para asuntos p\u00fablicos. Con sede en Washington, D.C. y alcance global, NJI desarrolla estrategias orientadas a la audiencia y creatividad excepcional para ayudar a los clientes a resolver desaf\u00edos complejos de asuntos p\u00fablicos y pol\u00edticas. Obtenga m\u00e1s informaci\u00f3n en https:\/\/njimedia.com.<\/p>\n<p> Logo &#8211; https:\/\/mma.prnewswire.com\/media\/1989809\/NJI_Blk_Logo.jpg<\/p>\n<p> View original content:https:\/\/www.prnewswire.com\/news-releases\/nji-patrocina-el-foro-de-asuntos-publicos-de-bruselas-2024-302188259.html<\/p>\n","protected":false},"excerpt":{"rendered":"<p>(Informaci\u00f3n remitida por la empresa firmante) BRUSELAS, 3 de julio de 2024 \/PRNewswire\/ &#8212; El mes pasado, NJI patrocin\u00f3 el Foro y el Viaje de Estudio sobre Asuntos P\u00fablicos de Bruselas del Consejo de Asuntos P\u00fablicos, encuentros que reunieron a las mentes m\u00e1s destacadas en asuntos p\u00fablicos globales para debatir el panorama din\u00e1mico de la [&hellip;]<\/p>\n","protected":false},"author":1,"featured_media":0,"comment_status":"closed","ping_status":"closed","sticky":false,"template":"","format":"standard","meta":{"footnotes":""},"categories":[2],"tags":[],"class_list":["post-53906","post","type-post","status-publish","format-standard","hentry","category-noticias"],"_links":{"self":[{"href":"https:\/\/webciudadana.net\/index.php?rest_route=\/wp\/v2\/posts\/53906","targetHints":{"allow":["GET"]}}],"collection":[{"href":"https:\/\/webciudadana.net\/index.php?rest_route=\/wp\/v2\/posts"}],"about":[{"href":"https:\/\/webciudadana.net\/index.php?rest_route=\/wp\/v2\/types\/post"}],"author":[{"embeddable":true,"href":"https:\/\/webciudadana.net\/index.php?rest_route=\/wp\/v2\/users\/1"}],"replies":[{"embeddable":true,"href":"https:\/\/webciudadana.net\/index.php?rest_route=%2Fwp%2Fv2%2Fcomments&post=53906"}],"version-history":[{"count":0,"href":"https:\/\/webciudadana.net\/index.php?rest_route=\/wp\/v2\/posts\/53906\/revisions"}],"wp:attachment":[{"href":"https:\/\/webciudadana.net\/index.php?rest_route=%2Fwp%2Fv2%2Fmedia&parent=53906"}],"wp:term":[{"taxonomy":"category","embeddable":true,"href":"https:\/\/webciudadana.net\/index.php?rest_route=%2Fwp%2Fv2%2Fcategories&post=53906"},{"taxonomy":"post_tag","embeddable":true,"href":"https:\/\/webciudadana.net\/index.php?rest_route=%2Fwp%2Fv2%2Ftags&post=53906"}],"curies":[{"name":"wp","href":"https:\/\/api.w.org\/{rel}","templated":true}]}}