{"id":54382,"date":"2024-07-26T10:35:04","date_gmt":"2024-07-26T08:35:04","guid":{"rendered":"https:\/\/ticker-noticiasep.microcontenidos.com\/NoticiaRSS.vbhtml?user=FRND562DLP&amp;cod=20240726103504"},"modified":"2024-07-26T10:35:04","modified_gmt":"2024-07-26T08:35:04","slug":"sociedad-fitz-marbella-abre-sus-puertas-para-posicionarse-como-referente-del-ocio-nocturno-en-la-costa-del-sol","status":"publish","type":"post","link":"https:\/\/webciudadana.net\/?p=54382","title":{"rendered":"Sociedad: FITZ Marbella abre sus puertas para posicionarse como referente del ocio nocturno en la Costa del Sol"},"content":{"rendered":"\n<div><img decoding=\"async\" src=\"https:\/\/img.europapress.es\/fotoweb\/fotonoticia_20240726103504_300.jpg\" class=\"ff-og-image-inserted\"><\/div>\n<p>(Informaci\u00f3n remitida por la empresa firmante)<\/p>\n<p>\nMaluma, Paco Osuna, Jason Derulo y Nio Garc\u00eda fueron los artistas destacados en la semana inaugural de FITZ Marbella, que tiene el prop\u00f3sito de seguir acogiendo los mejores talentos a nivel mundial de todos los g\u00e9neros. Confirmadas las actuaciones de Arc\u00e1ngel el 30 de julio, Joseph Capriati y Cuartero el 31 de julio, De La Guetto el 1 de agosto y pr\u00f3ximamente estar\u00e1n presentes los siguientes artistas de m\u00fasica electr\u00f3nica: Jamie Jones, Gordo, Gianluca Vacchi, Dennis Cruz, Mochakk, Am\u00e9m\u00e9, entre otros<\/p>\n<p>\nMarbella, 26 de julio de 2024.-*Grupo Sounds, referente en la industria del entretenimiento, la m\u00fasica y el ocio nocturno, realiz\u00f3*el pasado viernes 12 de julio la apertura de su nuevo club FITZ Marbella, llevando su reconocido buque insignia desde la capital hasta el coraz\u00f3n del Mediterr\u00e1neo.*<\/p>\n<p>\nEste emocionante lanzamiento cont\u00f3 con la actuaci\u00f3n inaugural del c\u00e9lebre DJ Paco Osuna, acompa\u00f1ado por Luigi Mazzali y Marzziano, ofreciendo una inolvidable velada en la noche del viernes 12 de julio.<\/p>\n<p> El ic\u00f3nico Maluma estuvo presente en FITZ Marbella el s\u00e1bado 13 de julio como artista especial invitado, quien deleit\u00f3 al p\u00fablico con varios de sus grandes \u00e9xitos y present\u00f3 \u00abContraluz Mezcal\u00bb, su exclusiva l\u00ednea de mezcal artesanal.<\/p>\n<p> Jason Derulo comparti\u00f3*varios de sus \u00e9xitos globales y Nio Garc\u00eda, una de las figuras prominentes en la m\u00fasica urbana, deleitaron al p\u00fablico con sus actuaciones el jueves 18 de julio y el s\u00e1bado 20 de julio, respectivamente.<\/p>\n<p> FITZ Marbella ya est\u00e1 abierto al p\u00fablico, ubicado en el emblem\u00e1tico lugar que alberg\u00f3 el antiguo club Dreamers, tras una renovaci\u00f3n de aspecto adaptada a la est\u00e9tica del grupo, donde se une el confort, la calidez y la tecnolog\u00eda. La localizaci\u00f3n estrat\u00e9gica, junto a algunas de las playas m\u00e1s exclusivas y resorts de lujo de Marbella, lo convierten en un emplazamiento extraordinario.<\/p>\n<p> Ya est\u00e1n confirmadas las actuaciones de Arc\u00e1ngel el 30 de julio, Joseph Capriati y Cuartero el 31 de julio y De La Guetto el 1 de agosto. Pr\u00f3ximamente, estar\u00e1n presentes en FITZ Marbella los siguientes artistas de m\u00fasica electr\u00f3nica: Jamie Jones, Gordo, Gianluca Vacchi, Dennis Cruz, Mochakk, Am\u00e9m\u00e9, etc.<\/p>\n<p> El nuevo club tiene como objetivo \u00abaportar un valor significativo a la ciudad, convirti\u00e9ndose en un epicentro cultural y musical\u00bb indica Alberto Hidalgo, CEO de Grupo Sounds, quien a\u00f1ade: \u00abFITZ Marbella ofrecer\u00e1 una programaci\u00f3n variada que incluir\u00e1 las principales estrellas mundiales, asegurando que todos los g\u00e9neros tengan su espacio en este innovador proyecto, el cual ser\u00e1 un punto de encuentro para los amantes de la m\u00fasica\u00bb.<\/p>\n<p> Grupo Sounds est\u00e1 decidido a enriquecer la escena musical de Marbella, proporcionando un lugar donde la calidad y la diversidad musical sean protagonistas. Con FITZ Marbella, la ciudad no solo gana un nuevo lugar de entretenimiento, sino un referente cultural que contribuir\u00e1 a su prestigio y atractivo tur\u00edstico.<\/p>\n<p> Para m\u00e1s informaci\u00f3n:*www.instagram.com\/fitzmarbella_<\/p>\n<p>\nSobre Grupo Sounds<\/p>\n<p>\n*Grupo Sounds, un grupo empresarial de ocio nocturno con la misi\u00f3n de revolucionar las noches en Madrid a trav\u00e9s de sus distintos locales que ofrecen experiencias \u00fanicas, el grupo est\u00e1 conformado por tres discotecas \u00abFITZ Club\u00bb (c\/Princesa 1) \u00abVandido\u00bb (c\/Goya 79) y \u00abBonded\u00bb (c\/Miguel \u00c1ngel 9) junto con un restaurante-club \u00abDos Passos\u00bb (anexo a FITZ Club) y un renovado concepto de Music Hall con la reciente apertura de \u00abCastellana 8\u00bb (Paseo de la Castellana 8) y de FITZ Marbella.<\/p>\n<p> Im\u00e1genes en alta calidad de FITZ Marbella,*aqu\u00ed<\/p>\n<p>\nAcceso*a los dosieres de los locales,*aqu\u00ed<\/p>\n<p>\nEs posible obtener m\u00e1s informaci\u00f3n, solicitar entrevistas o experminetar los locales contactando con Grupo Sounds.<\/p>\n<p> Emisor: Grupo Sounds<\/p>\n<p>\nContacto<\/p>\n<p>\nNombre contacto: Grupo Sounds<\/p>\n<p>\nDescripci\u00f3n contacto: Media<\/p>\n<p>\nTel\u00e9fono de contacto: 603481747<\/p>\n","protected":false},"excerpt":{"rendered":"<p>(Informaci\u00f3n remitida por la empresa firmante) Maluma, Paco Osuna, Jason Derulo y Nio Garc\u00eda fueron los artistas destacados en la semana inaugural de FITZ Marbella, que tiene el prop\u00f3sito de seguir acogiendo los mejores talentos a nivel mundial de todos los g\u00e9neros. Confirmadas las actuaciones de Arc\u00e1ngel el 30 de julio, Joseph Capriati y Cuartero [&hellip;]<\/p>\n","protected":false},"author":1,"featured_media":0,"comment_status":"closed","ping_status":"closed","sticky":false,"template":"","format":"standard","meta":{"footnotes":""},"categories":[2],"tags":[],"class_list":["post-54382","post","type-post","status-publish","format-standard","hentry","category-noticias"],"_links":{"self":[{"href":"https:\/\/webciudadana.net\/index.php?rest_route=\/wp\/v2\/posts\/54382","targetHints":{"allow":["GET"]}}],"collection":[{"href":"https:\/\/webciudadana.net\/index.php?rest_route=\/wp\/v2\/posts"}],"about":[{"href":"https:\/\/webciudadana.net\/index.php?rest_route=\/wp\/v2\/types\/post"}],"author":[{"embeddable":true,"href":"https:\/\/webciudadana.net\/index.php?rest_route=\/wp\/v2\/users\/1"}],"replies":[{"embeddable":true,"href":"https:\/\/webciudadana.net\/index.php?rest_route=%2Fwp%2Fv2%2Fcomments&post=54382"}],"version-history":[{"count":0,"href":"https:\/\/webciudadana.net\/index.php?rest_route=\/wp\/v2\/posts\/54382\/revisions"}],"wp:attachment":[{"href":"https:\/\/webciudadana.net\/index.php?rest_route=%2Fwp%2Fv2%2Fmedia&parent=54382"}],"wp:term":[{"taxonomy":"category","embeddable":true,"href":"https:\/\/webciudadana.net\/index.php?rest_route=%2Fwp%2Fv2%2Fcategories&post=54382"},{"taxonomy":"post_tag","embeddable":true,"href":"https:\/\/webciudadana.net\/index.php?rest_route=%2Fwp%2Fv2%2Ftags&post=54382"}],"curies":[{"name":"wp","href":"https:\/\/api.w.org\/{rel}","templated":true}]}}