{"id":54428,"date":"2024-07-29T17:42:30","date_gmt":"2024-07-29T15:42:30","guid":{"rendered":"https:\/\/ticker-noticiasep.microcontenidos.com\/NoticiaRSS.vbhtml?user=FRND562DLP&amp;cod=20240729174230"},"modified":"2024-07-29T17:42:30","modified_gmt":"2024-07-29T15:42:30","slug":"los-retos-del-sector-reunen-en-tenerife-a-las-empresas-de-turismo-activo-y-ecoturismo","status":"publish","type":"post","link":"https:\/\/webciudadana.net\/?p=54428","title":{"rendered":"Los retos del sector re\u00fanen en Tenerife a las empresas de Turismo Activo y Ecoturismo"},"content":{"rendered":"\n<div><img decoding=\"async\" src=\"https:\/\/img.europapress.es\/fotoweb\/fotonoticia_20240729174230_300.jpg\" class=\"ff-og-image-inserted\"><\/div>\n<p>(Informaci\u00f3n remitida por la empresa firmante)<\/p>\n<p>\nSanta Cruz de Tenerife, 29 de julio de 2024.- Las empresas valoran positivamente las experiencias del Teide y el Parque Rural de Teno, pero no son tan favorables las opiniones con respecto al Barranco de Masca<\/p>\n<p>\nLas empresas valoran positivamente las experiencias del Teide y el Parque Rural de Teno, pero no son tan favorables las opiniones con respecto al Barranco de Masca<\/p>\n<p>\nEl Hotel Escuela de Santa Cruz acogi\u00f3 un nuevo encuentro de Turismo Activo y Ecoturismo. Todo ello dentro del marco del Ciclo de Conferencias Insulares de Turismo Activo y Ecoturismo, que Activa Canarias coorganiza junto a la Viceconsejer\u00eda de Turismo del Gobierno de Canarias.<\/p>\n<p> En este networking el sector destac\u00f3 la regulaci\u00f3n de la actividad tur\u00edstica en espacios como el Parque Rural de Teno y el Teide. No fue tan buena la apreciaci\u00f3n sobre la reciente del Barranco de Masca.<\/p>\n<p> La formaci\u00f3n tambi\u00e9n supone otro de los puntos de inter\u00e9s. En ese sentido, se\u00f1alaron la necesidad de una articulaci\u00f3n m\u00e1s clara en el nuevo Decreto de Turismo Activo, actualmente en fase de consulta previa.<\/p>\n<p> Por otro lado, la actividad irregular sigue preocupando al sector, visible en actividades como observaci\u00f3n de estrellas. La sugerencia lanzada en la reuni\u00f3n fue impulsar medidas de inspecci\u00f3n y mayores labores de vigilancia en la noche.<\/p>\n<p> En cuanto a servicios, solicitan la mejora de los senderos e infraestructuras ligadas al Turismo Activo y el Ecoturismo, como forma de dar calidad al destino tur\u00edstico y ofrecerles un atractivo a los visitantes.<\/p>\n<p> Tenerife tiene alguna singularidad que no es del agrado de las empresas. Hablamos, por ejemplo, de las licencias de transporte. Actualmente, Tenerife sigue siendo la \u00fanica isla donde se restringe a una sola licencia de transporte por empresa.<\/p>\n<p> El Ciclo de Conferencias Insulares, con el lema \u00abUn modelo sostenible\u00bb, ya ha celebrado sus jornadas en Gran Canaria, Lanzarote, La Palma, El Hierro y Tenerife.<\/p>\n<p> Contacto<\/p>\n<p>\nNombre contacto: Ra\u00fal Vega<\/p>\n<p>\nDescripci\u00f3n contacto: CREAT\u00cdVICA \/ Jefe de Comunicaci\u00f3n<\/p>\n<p>\nTel\u00e9fono de contacto: 928915133<\/p>\n","protected":false},"excerpt":{"rendered":"<p>(Informaci\u00f3n remitida por la empresa firmante) Santa Cruz de Tenerife, 29 de julio de 2024.- Las empresas valoran positivamente las experiencias del Teide y el Parque Rural de Teno, pero no son tan favorables las opiniones con respecto al Barranco de Masca Las empresas valoran positivamente las experiencias del Teide y el Parque Rural de [&hellip;]<\/p>\n","protected":false},"author":1,"featured_media":0,"comment_status":"closed","ping_status":"closed","sticky":false,"template":"","format":"standard","meta":{"footnotes":""},"categories":[2],"tags":[],"class_list":["post-54428","post","type-post","status-publish","format-standard","hentry","category-noticias"],"_links":{"self":[{"href":"https:\/\/webciudadana.net\/index.php?rest_route=\/wp\/v2\/posts\/54428","targetHints":{"allow":["GET"]}}],"collection":[{"href":"https:\/\/webciudadana.net\/index.php?rest_route=\/wp\/v2\/posts"}],"about":[{"href":"https:\/\/webciudadana.net\/index.php?rest_route=\/wp\/v2\/types\/post"}],"author":[{"embeddable":true,"href":"https:\/\/webciudadana.net\/index.php?rest_route=\/wp\/v2\/users\/1"}],"replies":[{"embeddable":true,"href":"https:\/\/webciudadana.net\/index.php?rest_route=%2Fwp%2Fv2%2Fcomments&post=54428"}],"version-history":[{"count":0,"href":"https:\/\/webciudadana.net\/index.php?rest_route=\/wp\/v2\/posts\/54428\/revisions"}],"wp:attachment":[{"href":"https:\/\/webciudadana.net\/index.php?rest_route=%2Fwp%2Fv2%2Fmedia&parent=54428"}],"wp:term":[{"taxonomy":"category","embeddable":true,"href":"https:\/\/webciudadana.net\/index.php?rest_route=%2Fwp%2Fv2%2Fcategories&post=54428"},{"taxonomy":"post_tag","embeddable":true,"href":"https:\/\/webciudadana.net\/index.php?rest_route=%2Fwp%2Fv2%2Ftags&post=54428"}],"curies":[{"name":"wp","href":"https:\/\/api.w.org\/{rel}","templated":true}]}}