{"id":54435,"date":"2024-07-30T09:39:33","date_gmt":"2024-07-30T07:39:33","guid":{"rendered":"https:\/\/ticker-noticiasep.microcontenidos.com\/NoticiaRSS.vbhtml?user=FRND562DLP&amp;cod=20240730093933"},"modified":"2024-07-30T09:39:33","modified_gmt":"2024-07-30T07:39:33","slug":"sociedad-la-fundacion-sm-convoca-la-47a-edicion-de-los-premios-sm-el-barco-de-vapor-y-gran-angular-en-espana","status":"publish","type":"post","link":"https:\/\/webciudadana.net\/?p=54435","title":{"rendered":"Sociedad: La Fundaci\u00f3n SM convoca la 47\u00aa edici\u00f3n de los Premios SM El Barco de Vapor y Gran Angular en Espa\u00f1a"},"content":{"rendered":"\n<div><img decoding=\"async\" src=\"https:\/\/img.europapress.es\/fotoweb\/fotonoticia_20240730093933_300.jpg\" class=\"ff-og-image-inserted\"><\/div>\n<p>(Informaci\u00f3n remitida por la empresa firmante)<\/p>\n<p> Madrid, 30 de julio de 2024.- La Fundaci\u00f3n SM convoca en Espa\u00f1a la 47.\u00aa edici\u00f3n de los Premios SM El Barco de Vapor y Gran Angular con el fin de promover la creaci\u00f3n de una literatura para ni\u00f1os y j\u00f3venes que fomente el gusto por la lectura y transmita, con calidad literaria, unos valores humanos, sociales, culturales que ayuden a construir un mundo mejor.<\/p>\n<p> Estos galardones, dotados de 35.000 euros, son los m\u00e1s relevantes del mundo en el \u00e1mbito de la literatura infantil y juvenil en castellano, lo que contribuye a la recepci\u00f3n de un gran n\u00famero de originales procedentes de toda Espa\u00f1a y varios pa\u00edses de Am\u00e9rica Latina.<\/p>\n<p> El plazo de admisi\u00f3n de originales se cerrar\u00e1 el 1 de septiembre de 2024 y pueden optar al Premio todos los escritores que lo deseen, mayores de edad, cualquiera que sea su nacionalidad o procedencia.<\/p>\n<p> El fallo del jurado ser\u00e1 inapelable y se har\u00e1 p\u00fablico en el transcurso de un acto que tendr\u00e1 lugar en el primer cuatrimestre de 2025.<\/p>\n<p> En la pasada edici\u00f3n resultaron ganadoras las obras La leyenda del samur\u00e1i y la mariposa azul, de Pedro Caldas, en literatura infantil e Intruso, de David Lozano, en la categor\u00eda juvenil. La entrega de los premios se celebr\u00f3 el pasado mes de mayo con la presencia de S.M. la Reina Letizia, de la presidenta de la Comunidad de Madrid, Isabel D\u00edaz Ayuso y de la ministra de Educaci\u00f3n, Formaci\u00f3n Profesional y Deportes, Pilar Alegr\u00eda, entre otras destacadas autoridades del mundo de la cultura y la educaci\u00f3n.<\/p>\n<p> Descargar las bases del Premio SM El Barco de Vapor<\/p>\n<p> Descargar las bases del Premio SM Gran Angular<\/p>\n<p> M\u00e1s informaci\u00f3n sobre los Premios SM<\/p>\n<p> Comunicaci\u00f3n SM Espa\u00f1a <\/p>\n<p> comunicacionsm@info.grupo-sm.com <\/p>\n<p> Carmen Palomino<\/p>\n","protected":false},"excerpt":{"rendered":"<p>(Informaci\u00f3n remitida por la empresa firmante) Madrid, 30 de julio de 2024.- La Fundaci\u00f3n SM convoca en Espa\u00f1a la 47.\u00aa edici\u00f3n de los Premios SM El Barco de Vapor y Gran Angular con el fin de promover la creaci\u00f3n de una literatura para ni\u00f1os y j\u00f3venes que fomente el gusto por la lectura y transmita, [&hellip;]<\/p>\n","protected":false},"author":1,"featured_media":0,"comment_status":"closed","ping_status":"closed","sticky":false,"template":"","format":"standard","meta":{"footnotes":""},"categories":[2],"tags":[],"class_list":["post-54435","post","type-post","status-publish","format-standard","hentry","category-noticias"],"_links":{"self":[{"href":"https:\/\/webciudadana.net\/index.php?rest_route=\/wp\/v2\/posts\/54435","targetHints":{"allow":["GET"]}}],"collection":[{"href":"https:\/\/webciudadana.net\/index.php?rest_route=\/wp\/v2\/posts"}],"about":[{"href":"https:\/\/webciudadana.net\/index.php?rest_route=\/wp\/v2\/types\/post"}],"author":[{"embeddable":true,"href":"https:\/\/webciudadana.net\/index.php?rest_route=\/wp\/v2\/users\/1"}],"replies":[{"embeddable":true,"href":"https:\/\/webciudadana.net\/index.php?rest_route=%2Fwp%2Fv2%2Fcomments&post=54435"}],"version-history":[{"count":0,"href":"https:\/\/webciudadana.net\/index.php?rest_route=\/wp\/v2\/posts\/54435\/revisions"}],"wp:attachment":[{"href":"https:\/\/webciudadana.net\/index.php?rest_route=%2Fwp%2Fv2%2Fmedia&parent=54435"}],"wp:term":[{"taxonomy":"category","embeddable":true,"href":"https:\/\/webciudadana.net\/index.php?rest_route=%2Fwp%2Fv2%2Fcategories&post=54435"},{"taxonomy":"post_tag","embeddable":true,"href":"https:\/\/webciudadana.net\/index.php?rest_route=%2Fwp%2Fv2%2Ftags&post=54435"}],"curies":[{"name":"wp","href":"https:\/\/api.w.org\/{rel}","templated":true}]}}