{"id":54487,"date":"2024-08-01T11:32:36","date_gmt":"2024-08-01T09:32:36","guid":{"rendered":"https:\/\/ticker-noticiasep.microcontenidos.com\/NoticiaRSS.vbhtml?user=FRND562DLP&amp;cod=20240801113236"},"modified":"2024-08-01T11:32:36","modified_gmt":"2024-08-01T09:32:36","slug":"sociedad-comunicado-el-faro-arranca-la-segunda-parte-de-su-programa-de-verano-con-circo-teatro-arte-urbano-magia-y-cine","status":"publish","type":"post","link":"https:\/\/webciudadana.net\/?p=54487","title":{"rendered":"Sociedad: Comunicado.- El Faro arranca la segunda parte de su programa de verano con circo, teatro, arte urbano, magia y cine"},"content":{"rendered":"\n<div><img decoding=\"async\" src=\"https:\/\/img.europapress.es\/fotoweb\/fotonoticia_20240801113236_300.jpg\" class=\"ff-og-image-inserted\"><\/div>\n<p> BADAJOZ, 1 (EUROPA PRESS)<\/p>\n<p> La programaci\u00f3n de verano del centro comercial El Faro, bajo el nombre &#8216;The Summer Things El Faro&#8217;, inaugurar\u00e1 el mes de agosto con la puesta en marcha de un espect\u00e1culo circense y otro teatral en la zona exterior de terrazas del centro comercial &#8216;El Patio&#8217;. El programa, que ya recibi\u00f3 una gran acogida entre los visitantes del centro durante todo el mes de julio, cuenta con actividades para todos los p\u00fablicos, desde acciones infantiles, m\u00fasica en directo, juegos deportivos, espect\u00e1culos de magia y eventos de arte urbano, entre otras tem\u00e1ticas.<\/p>\n<p> El Faro dar\u00e1 el pistoletazo de salida a la programaci\u00f3n de agosto este fin de semana con tem\u00e1ticas para disfrutar en familia. El viernes, con circo, \u00abofreciendo una experiencia llena de emoci\u00f3n y diversi\u00f3n para todas las edades\u00bb y de cara al s\u00e1bado, los m\u00e1s peque\u00f1os podr\u00e1n sumergirse en una obra de teatro infantil, a trav\u00e9s de una historia \u00abrepleta de colorido, m\u00fasica y personajes entra\u00f1ables\u00bb.<\/p>\n<p> Posteriormente, durante los d\u00edas 9 y 10 de agosto, el centro comercial pacense se convertir\u00e1 en un escenario de arte urbano en el que la danza urbana, de la mano de Urban dance estudio, y el talento a trav\u00e9s de murales y grafitis de parte del reconocido artista Alejandro Pajuelo \u00ab@chinofraff\u00bb ser\u00e1n los protagonistas. Desde El Faro han explicado que este evento \u00abno solo servir\u00e1 como un punto de encuentro para los amantes del arte, sino que tambi\u00e9n pone en valor el talento local del que nos sentimos muy orgullosos\u00bb.<\/p>\n<p> Tras ello, El Faro encarar\u00e1 el tercer fin de semana del mes dedic\u00e1ndoselo a la magia y a la m\u00fasica del mundo del cine en El Patio, permitiendo a los asistentes disfrutar de un ciclo en un ambiente familiar al aire libre.<\/p>\n<p> El cuarto fin de semana, los visitantes podr\u00e1n apreciar la t\u00e9cnica del &#8216;bodypainting&#8217;, mediante obras de arte ef\u00edmeras y espect\u00e1culos de burbujas que jugar\u00e1n con la luz y el color, creando pompas de todos tama\u00f1os y formas que fascinar\u00e1n al p\u00fablico infantil.<\/p>\n<p> El \u00faltimo fin de semana de agosto, el 30 y 31, El Faro recibir\u00e1 la visita de los personajes &#8216;SuperThings&#8217;, cuya idea original pasa por ser objetos cotidianos que se transforman en superh\u00e9roes y villanos. Durante estos dos d\u00edas, el centro ofrecer\u00e1 diversas actividades interactivas, sesiones de fotos y encuentros especiales con los personajes.<\/p>\n<p> Para el gerente de El Faro, Paulo Belchior, \u00aba trav\u00e9s de este variado programa de actividades, El Faro busca no solo entretener, sino tambi\u00e9n ofrecer un espacio \u00fanico para compartir momentos especiales en familia y amigos, consolidando as\u00ed su posici\u00f3n como un destino de referencia para el ocio y el entretenimiento de calidad en la regi\u00f3n\u00bb.<\/p>\n<p> El Faro, propiedad de Castellana Properties y gestionado por Cushman &amp; Wakefield, como motor econ\u00f3mico y social de la regi\u00f3n, desarrolla a lo largo del a\u00f1o distintas acciones sociales, ambientales y culturales a fin de colaborar en la mejora y enriquecimiento de su entorno m\u00e1s inmediato. La realizaci\u00f3n en sus instalaciones de estas iniciativas forma parte de su responsabilidad que persigue la continua involucraci\u00f3n en la vida de los pacenses. <\/p>\n","protected":false},"excerpt":{"rendered":"<p>BADAJOZ, 1 (EUROPA PRESS) La programaci\u00f3n de verano del centro comercial El Faro, bajo el nombre &#8216;The Summer Things El Faro&#8217;, inaugurar\u00e1 el mes de agosto con la puesta en marcha de un espect\u00e1culo circense y otro teatral en la zona exterior de terrazas del centro comercial &#8216;El Patio&#8217;. El programa, que ya recibi\u00f3 una [&hellip;]<\/p>\n","protected":false},"author":1,"featured_media":0,"comment_status":"closed","ping_status":"closed","sticky":false,"template":"","format":"standard","meta":{"footnotes":""},"categories":[2],"tags":[],"class_list":["post-54487","post","type-post","status-publish","format-standard","hentry","category-noticias"],"_links":{"self":[{"href":"https:\/\/webciudadana.net\/index.php?rest_route=\/wp\/v2\/posts\/54487","targetHints":{"allow":["GET"]}}],"collection":[{"href":"https:\/\/webciudadana.net\/index.php?rest_route=\/wp\/v2\/posts"}],"about":[{"href":"https:\/\/webciudadana.net\/index.php?rest_route=\/wp\/v2\/types\/post"}],"author":[{"embeddable":true,"href":"https:\/\/webciudadana.net\/index.php?rest_route=\/wp\/v2\/users\/1"}],"replies":[{"embeddable":true,"href":"https:\/\/webciudadana.net\/index.php?rest_route=%2Fwp%2Fv2%2Fcomments&post=54487"}],"version-history":[{"count":0,"href":"https:\/\/webciudadana.net\/index.php?rest_route=\/wp\/v2\/posts\/54487\/revisions"}],"wp:attachment":[{"href":"https:\/\/webciudadana.net\/index.php?rest_route=%2Fwp%2Fv2%2Fmedia&parent=54487"}],"wp:term":[{"taxonomy":"category","embeddable":true,"href":"https:\/\/webciudadana.net\/index.php?rest_route=%2Fwp%2Fv2%2Fcategories&post=54487"},{"taxonomy":"post_tag","embeddable":true,"href":"https:\/\/webciudadana.net\/index.php?rest_route=%2Fwp%2Fv2%2Ftags&post=54487"}],"curies":[{"name":"wp","href":"https:\/\/api.w.org\/{rel}","templated":true}]}}