{"id":54503,"date":"2024-08-01T16:01:19","date_gmt":"2024-08-01T14:01:19","guid":{"rendered":"https:\/\/ticker-noticiasep.microcontenidos.com\/NoticiaRSS.vbhtml?user=FRND562DLP&amp;cod=20240801160119"},"modified":"2024-08-01T16:01:19","modified_gmt":"2024-08-01T14:01:19","slug":"mundo-el-gofc-2024-se-celebrara-en-suzhou-en-noviembre-de-2024","status":"publish","type":"post","link":"https:\/\/webciudadana.net\/?p=54503","title":{"rendered":"Mundo: El GOFC 2024 se celebrar\u00e1 en Suzhou en noviembre de 2024"},"content":{"rendered":"\n<p>(Informaci\u00f3n remitida por la empresa firmante)<\/p>\n<p>\nSUZHOU, China, 1 de agosto de 2024 \/PRNewswire\/ &#8212; La Conferencia Global de Fibra \u00d3ptica y Cable de 2024, o GOFC 2024, est\u00e1 programada para ser organizada conjuntamente por la Asociaci\u00f3n APC y el Grupo Hengtong del 6 al 8 de noviembre en el Centro Internacional de Exposiciones de Suzhou, provincia de Jiangsu, China.<\/p>\n<p> Hengtong Group lo invita cordialmente a unirse a nosotros para intercambiar conocimientos sobre los \u00faltimos desarrollos industriales, avanzar en la transformaci\u00f3n de la industria e impulsar la innovaci\u00f3n tecnol\u00f3gica.<\/p>\n<p>\n\u00a1Hengtong Group lo invita cordialmente a esta fiesta de la industria! GOFC2024 Suzhou \u2022 Centro de Exposiciones Internacional de Suzhou Sala G, 6 al 8 de noviembre.<\/p>\n<p> Bajo el tema \u00abLas fibras inteligentes crean un futuro sin l\u00edmites\u00bb, GOFC 2024 cubrir\u00e1 las tendencias de la industria y las tecnolog\u00edas de vanguardia en \u00e1reas como IA, potencia inform\u00e1tica, fibras y cables \u00f3pticos, comunicaci\u00f3n \u00f3ptica de pr\u00f3xima generaci\u00f3n y dispositivos \u00f3pticos.<\/p>\n<p> Se espera que m\u00e1s de 600 invitados, incluidos l\u00edderes, expertos y ejecutivos de casi 300 instituciones de investigaci\u00f3n, organizaciones industriales y empresas de m\u00e1s de 30 pa\u00edses, se re\u00fanan para este evento.<\/p>\n<p> Al mismo tiempo, se celebrar\u00e1n el \u00ab18.\u00ba Foro de Desarrollo y Competitividad de las Comunicaciones \u00d3pticas Globales de 2024 | China\u00bb y la \u00ab18.\u00ba Ceremonia de entrega de premios a las 10 empresas m\u00e1s competitivas de las comunicaciones \u00f3pticas globales de 2024 | China\u00bb. Estos eventos proporcionar\u00e1n un an\u00e1lisis exhaustivo y profundo de las tendencias de competitividad y el ecosistema industrial de las empresas de comunicaciones \u00f3pticas. Tambi\u00e9n generar\u00e1n debates y an\u00e1lisis din\u00e1micos sobre el desarrollo de la tecnolog\u00eda de las comunicaciones \u00f3pticas y las tendencias del mercado de las industrias relevantes.<\/p>\n<p> Como conferencia internacional anual para la industria global de cables y fibras \u00f3pticas, la Conferencia Global de Cables y Fibras \u00d3pticas est\u00e1 organizada conjuntamente por la Asociaci\u00f3n de la Industria de Cables y Fibras \u00d3pticas de Asia y el Pac\u00edfico (APCIA) y las principales empresas de la industria en rotaci\u00f3n. El objetivo de la conferencia es promover el desarrollo de la industria global de cables de fibra \u00f3ptica, establecer y mantener un ecosistema saludable de la industria global de cables de fibra \u00f3ptica y promover la cooperaci\u00f3n comercial internacional y los intercambios relacionados con la industria de cables de fibra \u00f3ptica. La conferencia tambi\u00e9n tiene como objetivo facilitar la I+D de productos, el desarrollo empresarial y el intercambio acad\u00e9mico en las comunicaciones globales por fibra \u00f3ptica y campos relacionados.<\/p>\n<p> View original content:https:\/\/www.prnewswire.com\/news-releases\/el-gofc-2024-se-celebrara-en-suzhou-en-noviembre-de-2024-302212476.html<\/p>\n","protected":false},"excerpt":{"rendered":"<p>(Informaci\u00f3n remitida por la empresa firmante) SUZHOU, China, 1 de agosto de 2024 \/PRNewswire\/ &#8212; La Conferencia Global de Fibra \u00d3ptica y Cable de 2024, o GOFC 2024, est\u00e1 programada para ser organizada conjuntamente por la Asociaci\u00f3n APC y el Grupo Hengtong del 6 al 8 de noviembre en el Centro Internacional de Exposiciones de [&hellip;]<\/p>\n","protected":false},"author":1,"featured_media":0,"comment_status":"closed","ping_status":"closed","sticky":false,"template":"","format":"standard","meta":{"footnotes":""},"categories":[2],"tags":[],"class_list":["post-54503","post","type-post","status-publish","format-standard","hentry","category-noticias"],"_links":{"self":[{"href":"https:\/\/webciudadana.net\/index.php?rest_route=\/wp\/v2\/posts\/54503","targetHints":{"allow":["GET"]}}],"collection":[{"href":"https:\/\/webciudadana.net\/index.php?rest_route=\/wp\/v2\/posts"}],"about":[{"href":"https:\/\/webciudadana.net\/index.php?rest_route=\/wp\/v2\/types\/post"}],"author":[{"embeddable":true,"href":"https:\/\/webciudadana.net\/index.php?rest_route=\/wp\/v2\/users\/1"}],"replies":[{"embeddable":true,"href":"https:\/\/webciudadana.net\/index.php?rest_route=%2Fwp%2Fv2%2Fcomments&post=54503"}],"version-history":[{"count":0,"href":"https:\/\/webciudadana.net\/index.php?rest_route=\/wp\/v2\/posts\/54503\/revisions"}],"wp:attachment":[{"href":"https:\/\/webciudadana.net\/index.php?rest_route=%2Fwp%2Fv2%2Fmedia&parent=54503"}],"wp:term":[{"taxonomy":"category","embeddable":true,"href":"https:\/\/webciudadana.net\/index.php?rest_route=%2Fwp%2Fv2%2Fcategories&post=54503"},{"taxonomy":"post_tag","embeddable":true,"href":"https:\/\/webciudadana.net\/index.php?rest_route=%2Fwp%2Fv2%2Ftags&post=54503"}],"curies":[{"name":"wp","href":"https:\/\/api.w.org\/{rel}","templated":true}]}}