{"id":54534,"date":"2024-08-05T13:46:35","date_gmt":"2024-08-05T11:46:35","guid":{"rendered":"https:\/\/ticker-noticiasep.microcontenidos.com\/NoticiaRSS.vbhtml?user=FRND562DLP&amp;cod=20240805134635"},"modified":"2024-08-05T13:46:35","modified_gmt":"2024-08-05T11:46:35","slug":"sociedad-ceoma-crea-una-comision-internacional-para-hacer-frente-al-impacto-del-calor-extremo-en-mayores-y-vulnerables","status":"publish","type":"post","link":"https:\/\/webciudadana.net\/?p=54534","title":{"rendered":"Sociedad: CEOMA crea una Comisi\u00f3n Internacional para hacer frente al impacto del calor extremo en mayores y vulnerables"},"content":{"rendered":"\n<div><img decoding=\"async\" src=\"https:\/\/img.europapress.es\/fotoweb\/fotonoticia_20240805134635_300.jpg\" class=\"ff-og-image-inserted\"><\/div>\n<p>(Informaci\u00f3n remitida por la empresa firmante)<\/p>\n<p>\nEl director de la oficina de Acci\u00f3n Clim\u00e1tica de la organizaci\u00f3n, Carlos Ferreyra, ser\u00e1 el presidente de la comisi\u00f3n internacional &#8216;Envejecimiento, calor extremo y emergencia clim\u00e1tica&#8217;<\/p>\n<p>\nMadrid, 5 de agosto de 2024.- La Junta Directiva de la Confederaci\u00f3n Espa\u00f1ola de Organizaciones de Mayores (CEOMA) ha aprobado hoy por unanimidad la creaci\u00f3n de la Comisi\u00f3n internacional &#8216;Envejecimiento, calor extremo y emergencia clim\u00e1tica&#8217; y ha designado como presidente al director de la oficina de Acci\u00f3n Clim\u00e1tica de la organizaci\u00f3n, Carlos Ferreyra.<\/p>\n<p> CEOMA tambi\u00e9n ha aprobado el contenido del programa anual, su estructura y una comisi\u00f3n de seguimiento, integrada por el presidente de CEOMA, el de la Comisi\u00f3n Carlos Ferreyra y el presidente de la comisi\u00f3n de Relaciones Internacionales de CEOMA, Eduardo Rodr\u00edguez Rovira.<\/p>\n<p> La propuesta se ha aprobado durante una sesi\u00f3n extraordinaria de la Junta Directiva de CEOMA, convocada para analizar la crisis que est\u00e1 provocando el calor extremo en las personas mayores, teniendo en cuenta el envejecimiento de la poblaci\u00f3n. La decisi\u00f3n de crear este programa tambi\u00e9n responde al llamamiento del secretario general de Naciones Unidas ante la situaci\u00f3n por la que atraviesan las personas vulnerables a consecuencia de las altas temperaturas y la emergencia clim\u00e1tica.<\/p>\n<p> El presidente de CEOMA, Jos\u00e9 Luis Fern\u00e1ndez Santillana, ha lamentado la falta de \u00abintervenciones eficaces de pol\u00edticas p\u00fablicas estatales y locales para reducir estos da\u00f1os y p\u00e9rdidas que afectan a las personas mayores y sus familias\u00bb.<\/p>\n<p> Confederaci\u00f3n Espa\u00f1ola de Organizaciones de Mayores<\/p>\n<p>\nCEOMA es una entidad sin \u00e1nimo de lucro creada para la defensa de los derechos de las personas mayores. Representa a 26 organizaciones de mayores de las distintas Comunidades Aut\u00f3nomas, con m\u00e1s de 800.000 socios de base y m\u00e1s de 1.500 Asociaciones. M\u00e1s informaci\u00f3n: www.CEOMA.org<\/p>\n<p>\nPara m\u00e1s informaci\u00f3n:<\/p>\n<p>\nCelia Moreno Garrido<\/p>\n<p>\nCoordinadora General<\/p>\n<p>\nResponsable de Comunicaci\u00f3n e Imagen Institucional<\/p>\n<p>\nceliamoreno@CEOMA.org<\/p>\n<p>\nC\/ Fernando el Cat\u00f3lico, 10 &#8211; Local 7* 28015 MADRID<\/p>\n<p>\nM\u00f3vil: 626 170 705<\/p>\n<p>\nTel.: 91 557 25 56<\/p>\n<p>\nVirginia Garc\u00eda<\/p>\n<p>\nEuropa Press Comunicaci\u00f3n<\/p>\n<p>\nvirginiagarcia@europapress.es<\/p>\n<p>\n679177945<\/p>\n<p>\n*<\/p>\n","protected":false},"excerpt":{"rendered":"<p>(Informaci\u00f3n remitida por la empresa firmante) El director de la oficina de Acci\u00f3n Clim\u00e1tica de la organizaci\u00f3n, Carlos Ferreyra, ser\u00e1 el presidente de la comisi\u00f3n internacional &#8216;Envejecimiento, calor extremo y emergencia clim\u00e1tica&#8217; Madrid, 5 de agosto de 2024.- La Junta Directiva de la Confederaci\u00f3n Espa\u00f1ola de Organizaciones de Mayores (CEOMA) ha aprobado hoy por unanimidad [&hellip;]<\/p>\n","protected":false},"author":1,"featured_media":0,"comment_status":"closed","ping_status":"closed","sticky":false,"template":"","format":"standard","meta":{"footnotes":""},"categories":[2],"tags":[],"class_list":["post-54534","post","type-post","status-publish","format-standard","hentry","category-noticias"],"_links":{"self":[{"href":"https:\/\/webciudadana.net\/index.php?rest_route=\/wp\/v2\/posts\/54534","targetHints":{"allow":["GET"]}}],"collection":[{"href":"https:\/\/webciudadana.net\/index.php?rest_route=\/wp\/v2\/posts"}],"about":[{"href":"https:\/\/webciudadana.net\/index.php?rest_route=\/wp\/v2\/types\/post"}],"author":[{"embeddable":true,"href":"https:\/\/webciudadana.net\/index.php?rest_route=\/wp\/v2\/users\/1"}],"replies":[{"embeddable":true,"href":"https:\/\/webciudadana.net\/index.php?rest_route=%2Fwp%2Fv2%2Fcomments&post=54534"}],"version-history":[{"count":0,"href":"https:\/\/webciudadana.net\/index.php?rest_route=\/wp\/v2\/posts\/54534\/revisions"}],"wp:attachment":[{"href":"https:\/\/webciudadana.net\/index.php?rest_route=%2Fwp%2Fv2%2Fmedia&parent=54534"}],"wp:term":[{"taxonomy":"category","embeddable":true,"href":"https:\/\/webciudadana.net\/index.php?rest_route=%2Fwp%2Fv2%2Fcategories&post=54534"},{"taxonomy":"post_tag","embeddable":true,"href":"https:\/\/webciudadana.net\/index.php?rest_route=%2Fwp%2Fv2%2Ftags&post=54534"}],"curies":[{"name":"wp","href":"https:\/\/api.w.org\/{rel}","templated":true}]}}