{"id":55073,"date":"2024-09-09T00:34:21","date_gmt":"2024-09-08T22:34:21","guid":{"rendered":"https:\/\/ticker-noticiasep.microcontenidos.com\/NoticiaRSS.vbhtml?user=FRND562DLP&amp;cod=20240909003421"},"modified":"2024-09-09T00:34:21","modified_gmt":"2024-09-08T22:34:21","slug":"mundo-las-innovaciones-de-vanguardia-de-la-legendaria-marca-metz-cautivan-al-canciller-aleman","status":"publish","type":"post","link":"https:\/\/webciudadana.net\/?p=55073","title":{"rendered":"Mundo: Las innovaciones de vanguardia de la legendaria marca METZ cautivan al canciller alem\u00e1n"},"content":{"rendered":"\n<div><img decoding=\"async\" src=\"https:\/\/img.europapress.es\/fotoweb\/fotonoticia_20240909003421_300.jpg\" class=\"ff-og-image-inserted\"><\/div>\n<p>(Informaci\u00f3n remitida por la empresa firmante)<\/p>\n<p>\n&#8211;Brillan en la feria IFA del centenario: las innovaciones de vanguardia de la legendaria marca METZ cautivan al canciller alem\u00e1n<\/p>\n<p>\nBERLIN, 9 de septiembre de 2024 \/PRNewswire\/ &#8212; El 6 de septiembre, hora local, se inaugur\u00f3 en Berl\u00edn, Alemania, la 100\u00aa edici\u00f3n de la Feria Internacional de Electr\u00f3nica de Consumo (IFA 2024). Desde su inauguraci\u00f3n en 1924, IFA ha sido testigo de un siglo de cambios en la industria de la electr\u00f3nica de consumo y se ha convertido en un faro brillante de la innovaci\u00f3n tecnol\u00f3gica mundial. Cada evento anuncia las infinitas posibilidades de la tecnolog\u00eda y el estilo de vida del futuro.<\/p>\n<p> Como expositor habitual y l\u00edder de la industria, la ic\u00f3nica marca alemana METZ hizo una aparici\u00f3n din\u00e1mica en IFA 2024, mostrando sus continuos avances en el campo de la electr\u00f3nica de consumo. METZ present\u00f3 su extraordinaria fuerza innovadora y escribi\u00f3 nuevos cap\u00edtulos en la historia de la industria de los electrodom\u00e9sticos.<\/p>\n<p> El primer d\u00eda de IFA 2024, el canciller alem\u00e1n Olaf Scholz visit\u00f3 el stand de METZ, donde pudo comprobar los innovadores productos de alta tecnolog\u00eda de METZ y los elogi\u00f3. El producto que m\u00e1s le llam\u00f3 la atenci\u00f3n fue el producto estrella de METZ, el Primus OLED 77, un producto que combina una calidad de imagen, una calidad ac\u00fastica y un dise\u00f1o de primera categor\u00eda. El canciller pregunt\u00f3 por qu\u00e9 el televisor se llamaba \u00abPrimus\u00bb. \u00abPorque este televisor es uno de los mejores en cuanto a calidad de imagen, calidad ac\u00fastica y dise\u00f1o\u00bb, explic\u00f3 el Dr. Kotzbauer, consejero delegado de METZ. La visita del canciller puso de relieve la influencia de METZ en el mercado de alta gama, aliment\u00f3 el entusiasmo por los futuros desarrollos tecnol\u00f3gicos y aument\u00f3 la confianza de METZ en la exploraci\u00f3n y expansi\u00f3n en el mercado europeo. METZ expresa su sincero agradecimiento por la oportunidad de compartir este momento hist\u00f3rico con los medios de comunicaci\u00f3n y los consumidores.<\/p>\n<p> METZ, que comenz\u00f3 fabricando radios, se ha convertido en una empresa tecnol\u00f3gica integral que abarca televisores, c\u00e1maras IoT, decodificadores, electrodom\u00e9sticos inteligentes, XR y m\u00e1s. METZ sigue liderando las tendencias de desarrollo de la industria y est\u00e1 a la vanguardia de la innovaci\u00f3n tecnol\u00f3gica. En IFA 2024, METZ Classic y METZ Blue causaron una fuerte impresi\u00f3n, incluida la serie OLED en colaboraci\u00f3n con BMW, la serie de televisores Frame+ con montaje en la pared sin juntas, la serie de televisores de 100 pulgadas m\u00e1s vendida del mundo, la serie de televisores para juegos con mejor sonido, la primera serie de televisores de Google con karaoke con IA del mundo, televisores port\u00e1tiles y m\u00e1s. La empresa tambi\u00e9n present\u00f3 electrodom\u00e9sticos como frigor\u00edficos y lavadoras, as\u00ed como productos de cuidado personal como afeitadoras el\u00e9ctricas, cepillos de dientes, secadores de pelo de alta velocidad y productos XR. La diversa gama de productos y las experiencias interactivas inteligentes proporcionaron un fest\u00edn para los asistentes.<\/p>\n<p> La exitosa celebraci\u00f3n de IFA 2024 no solo repasa y rinde homenaje al \u00faltimo siglo de desarrollo tecnol\u00f3gico, sino que tambi\u00e9n mira hacia la innovaci\u00f3n tecnol\u00f3gica y la transformaci\u00f3n digital futuras. Como testigo y participante de este momento hist\u00f3rico, METZ seguir\u00e1 liderando la innovaci\u00f3n tecnol\u00f3gica, ofreciendo continuamente \u00abfabricaci\u00f3n alemana\u00bb y \u00abcalidad alemana\u00bb a los usuarios. Manteniendo el esp\u00edritu artesanal alem\u00e1n, METZ seguir\u00e1 colaborando con socios globales, heredando la calidad alemana en la transformaci\u00f3n de la industria electr\u00f3nica y creando productos y servicios de influencia mundial, aportando m\u00e1s \u00absabidur\u00eda METZ\u00bb a la causa del desarrollo humano sostenible.<\/p>\n<p> Foto &#8211; https:\/\/mma.prnewswire.com\/media\/2498829\/METZ_IFA.jpg<\/p>\n<p>\nFoto &#8212; https:\/\/mma.prnewswire.com\/media\/2498830\/METZ_IFA_2.jpg<\/p>\n<p>\nFoto &#8212; https:\/\/mma.prnewswire.com\/media\/2498831\/METZ_IFA_3.jpg<\/p>\n<p> View original content:https:\/\/www.prnewswire.com\/news-releases\/las-innovaciones-de-vanguardia-de-la-legendaria-marca-metz-cautivan-al-canciller-aleman-302241328.html<\/p>\n","protected":false},"excerpt":{"rendered":"<p>(Informaci\u00f3n remitida por la empresa firmante) &#8211;Brillan en la feria IFA del centenario: las innovaciones de vanguardia de la legendaria marca METZ cautivan al canciller alem\u00e1n BERLIN, 9 de septiembre de 2024 \/PRNewswire\/ &#8212; El 6 de septiembre, hora local, se inaugur\u00f3 en Berl\u00edn, Alemania, la 100\u00aa edici\u00f3n de la Feria Internacional de Electr\u00f3nica de [&hellip;]<\/p>\n","protected":false},"author":1,"featured_media":0,"comment_status":"closed","ping_status":"closed","sticky":false,"template":"","format":"standard","meta":{"footnotes":""},"categories":[2],"tags":[],"class_list":["post-55073","post","type-post","status-publish","format-standard","hentry","category-noticias"],"_links":{"self":[{"href":"https:\/\/webciudadana.net\/index.php?rest_route=\/wp\/v2\/posts\/55073","targetHints":{"allow":["GET"]}}],"collection":[{"href":"https:\/\/webciudadana.net\/index.php?rest_route=\/wp\/v2\/posts"}],"about":[{"href":"https:\/\/webciudadana.net\/index.php?rest_route=\/wp\/v2\/types\/post"}],"author":[{"embeddable":true,"href":"https:\/\/webciudadana.net\/index.php?rest_route=\/wp\/v2\/users\/1"}],"replies":[{"embeddable":true,"href":"https:\/\/webciudadana.net\/index.php?rest_route=%2Fwp%2Fv2%2Fcomments&post=55073"}],"version-history":[{"count":0,"href":"https:\/\/webciudadana.net\/index.php?rest_route=\/wp\/v2\/posts\/55073\/revisions"}],"wp:attachment":[{"href":"https:\/\/webciudadana.net\/index.php?rest_route=%2Fwp%2Fv2%2Fmedia&parent=55073"}],"wp:term":[{"taxonomy":"category","embeddable":true,"href":"https:\/\/webciudadana.net\/index.php?rest_route=%2Fwp%2Fv2%2Fcategories&post=55073"},{"taxonomy":"post_tag","embeddable":true,"href":"https:\/\/webciudadana.net\/index.php?rest_route=%2Fwp%2Fv2%2Ftags&post=55073"}],"curies":[{"name":"wp","href":"https:\/\/api.w.org\/{rel}","templated":true}]}}