{"id":55727,"date":"2024-10-01T09:57:51","date_gmt":"2024-10-01T07:57:51","guid":{"rendered":"https:\/\/ticker-noticiasep.microcontenidos.com\/NoticiaRSS.vbhtml?user=FRND562DLP&amp;cod=20241001095751"},"modified":"2024-10-01T09:57:51","modified_gmt":"2024-10-01T07:57:51","slug":"representantes-de-los-sectores-algodonero-y-de-la-moda-visitan-los-campos-de-algodon-andaluces-con-eucotton","status":"publish","type":"post","link":"https:\/\/webciudadana.net\/?p=55727","title":{"rendered":"Representantes de los sectores algodonero y de la moda visitan los campos de algod\u00f3n andaluces con EUCOTTON"},"content":{"rendered":"\n<div><img decoding=\"async\" src=\"https:\/\/img.europapress.es\/fotoweb\/fotonoticia_20241001095751_300.jpg\" class=\"ff-og-image-inserted\"><\/div>\n<p>(Informaci\u00f3n remitida por la empresa firmante)<\/p>\n<p>\n&#8211; Una delegaci\u00f3n de 20 profesionales de los sectores del algod\u00f3n y la moda tuvo la oportunidad de acercarse a la realidad del algod\u00f3n andaluz en el marco de esta iniciativa europea en la que colaboran los sectores de Grecia y Espa\u00f1a.<\/p>\n<p>\n&#8211; A lo largo de 3 d\u00edas, visitaron campos de cultivo del algod\u00f3n y desmotadoras en las provincias de Sevilla y C\u00e1diz.<\/p>\n<p> Madrid, 1 de octubre de 2024.- *Durante tres d\u00edas de la semana pasada, los ojos del mundo de la moda y el textil europeos estuvieron puestos en Andaluc\u00eda. De la mano de EUCOTTON, la iniciativa que re\u00fane a los sectores de Grecia y Espa\u00f1a (los pa\u00edses que concentran casi el 100% de la producci\u00f3n de Europa), 20 profesionales del algod\u00f3n, la moda y el textil provenientes de Alemania, Italia, Francia, Grecia y Espa\u00f1a pudieron descubrir sobre el terreno la sostenibilidad y calidad que distinguen al algod\u00f3n europeo.<\/p>\n<p> Esta misi\u00f3n europea se enmarca dentro de la campa\u00f1a EUCOTTON, promovida por la European Cotton Alliance (ECA), que engloba a toda la cadena del algod\u00f3n en Europa para garantizar la calidad y trazabilidad de esta fibra natural. En este esp\u00edritu de transparencia, los productores y procesadores espa\u00f1oles de algod\u00f3n han querido abrir sus puertas a algunos de los profesionales m\u00e1s reconocidos del sector, de modo que vieran de primera mano c\u00f3mo es el proceso de producci\u00f3n, basado en la exigente legislaci\u00f3n europea.<\/p>\n<p> Todo ello, bajo los auspicios de dos de los miembros fundadores de la ECA, la Organizaci\u00f3n Interprofesional del Algod\u00f3n de Espa\u00f1a (Espalgod\u00f3n) y el Centro Algodonero Nacional (CAN). Seg\u00fan el presidente de Espalgod\u00f3n, Enrique Gonz\u00e1lez, \u00abel objetivo principal de esta acci\u00f3n es que los grandes grupos de la moda y el textil conozcan mejor unos m\u00e9todos de cultivo y producci\u00f3n sostenibles y centrados en la excelencia, que constituyen la columna vertebral del algod\u00f3n europeo\u00bb.<\/p>\n<p> Concretamente, los representantes de la industria textil y de la moda europea han visitado los campos y las instalaciones de dos referentes del sector algodonero andaluz: Algosur (Algodonera del Sur), en la provincia de Sevilla, y el Complejo Agr\u00edcola Las Lomas (C\u00e1diz), que cuenta con la desmotadora en activo m\u00e1s antigua de Espa\u00f1a. Estas dos fincas llevan a cabo muchas de las mejores pr\u00e1cticas que hacen especial al algod\u00f3n europeo, como la recolecci\u00f3n 100% mecanizada, el uso de semillas no transg\u00e9nicas, la alta profesionalizaci\u00f3n de los empleados o la implantaci\u00f3n de planes de gesti\u00f3n del agua y de Gesti\u00f3n Integrada de Plagas. Acciones que lo convierten en uno de los m\u00e1s sostenibles del mundo. En palabras de Josep Artigas, presidente del Centro Algodonero Nacional, \u00abesta visita les ha permitido entender el esfuerzo que ha realizado el sector algodonero espa\u00f1ol desde 1979 hasta la actualidad en t\u00e9rminos de sostenibilidad. Con una gesti\u00f3n del agua llevada al m\u00e1ximo nivel que ha conseguido que se haya reducido el consumo de este bien tan preciado por encima del 50%\u00bb.<\/p>\n<p> El gran impacto social del algod\u00f3n<\/p>\n<p>\nEsta &#8216;cumbre europea del algod\u00f3n&#8217; en los campos andaluces constituye una oportunidad \u00fanica para ense\u00f1ar a los productores europeos el buen hacer del sector espa\u00f1ol, as\u00ed como la realidad social que se esconde tras las cifras. El algod\u00f3n proporciona empleo de calidad a m\u00e1s de 5.500 familias en Andaluc\u00eda, adem\u00e1s de un importante n\u00famero de trabajadores cualificados en las desmotadoras que procesan la materia prima.<\/p>\n<p> Este cultivo tradicional es la principal fuente de ingresos de m\u00faltiples zonas y pueblos andaluces. De hecho, Espa\u00f1a produce unas 50.000 toneladas de fibra de algod\u00f3n al a\u00f1o. Cabe destacar que las exportaciones globales de algod\u00f3n europeo ascienden a m\u00e1s de 700 millones, y que la UE se encuentra entre los principales exportadores mundiales, lo que hace que el producto sea importante no s\u00f3lo para las regiones productoras, sino tambi\u00e9n para la econom\u00eda europea en su conjunto.<\/p>\n<p> Llevar el algod\u00f3n europeo al primer plano de la industria<\/p>\n<p>\nEn los \u00faltimos tiempos, la European Cotton Alliance ha intensificado sus actividades relacionadas con la iniciativa EUCOTTON, para presentar ante el p\u00fablico profesional las ventajas del algod\u00f3n de origen europeo. Los d\u00edas 2 y 3 de junio, EUCOTTON protagoniz\u00f3 en Roma la Phygital Sustainability Expo, el mayor evento italiano sobre sostenibilidad. Y el 10 de julio el foco se traslad\u00f3 a Mil\u00e1n, la capital italiana de la moda, donde un evento exclusivo reuni\u00f3 a 80 profesionales de importantes marcas de este pa\u00eds.<\/p>\n<p> Ya en Alemania, EUCOTTON se convirti\u00f3 en una de las novedades m\u00e1s comentadas de la \u00faltima edici\u00f3n de la feria Munich Fabric Start (3-4 septiembre), con un stand y una mesa redonda donde se destacaron sus caracter\u00edsticas de calidad y sostenibilidad ante m\u00e1s de 50 profesionales de la moda.<\/p>\n<p> Para saber m\u00e1s, visita la web: eucotton.eu.<\/p>\n<p> SOBRE LA EUROPEAN COTTON ALLIANCE<\/p>\n<p>\nLa European Cotton Alliance (ECA) es una asociaci\u00f3n a nivel europeo formada por la colaboraci\u00f3n activa de los productores de algod\u00f3n y las asociaciones de la industria en los pa\u00edses productores europeos. Son miembros fundadores de la Alianza las Organizaciones Interprofesionales, la Industria y las Asociaciones de Productores de Grecia y Espa\u00f1a, que suman el 100% del sector del algod\u00f3n en Europa.<\/p>\n<p> La campa\u00f1a EUCOTTON ha sido implementada por la ECA con el objetivo de aumentar la visibilidad del algod\u00f3n europeo y la concienciaci\u00f3n sobre sus caracter\u00edsticas de sostenibilidad y calidad en los mercados objetivo europeos. Campa\u00f1a co-financiada por la Uni\u00f3n Europea bajo el Reglamento (UE) 1144\/2014 &#8211; Enjoy it&#8217;s from Europe.<\/p>\n<p> Emisor: European Cotton Alliance (ECA)<\/p>\n<p>\nPara m\u00e1s informaci\u00f3n:<\/p>\n<p>\nIv\u00e1n Fombella<\/p>\n<p>\nTlf. 91 506 28 60<\/p>\n<p>\nivan.fombella@thetacticsgroup.com<\/p>\n","protected":false},"excerpt":{"rendered":"<p>(Informaci\u00f3n remitida por la empresa firmante) &#8211; Una delegaci\u00f3n de 20 profesionales de los sectores del algod\u00f3n y la moda tuvo la oportunidad de acercarse a la realidad del algod\u00f3n andaluz en el marco de esta iniciativa europea en la que colaboran los sectores de Grecia y Espa\u00f1a. &#8211; A lo largo de 3 d\u00edas, [&hellip;]<\/p>\n","protected":false},"author":1,"featured_media":0,"comment_status":"closed","ping_status":"closed","sticky":false,"template":"","format":"standard","meta":{"footnotes":""},"categories":[2],"tags":[],"class_list":["post-55727","post","type-post","status-publish","format-standard","hentry","category-noticias"],"_links":{"self":[{"href":"https:\/\/webciudadana.net\/index.php?rest_route=\/wp\/v2\/posts\/55727","targetHints":{"allow":["GET"]}}],"collection":[{"href":"https:\/\/webciudadana.net\/index.php?rest_route=\/wp\/v2\/posts"}],"about":[{"href":"https:\/\/webciudadana.net\/index.php?rest_route=\/wp\/v2\/types\/post"}],"author":[{"embeddable":true,"href":"https:\/\/webciudadana.net\/index.php?rest_route=\/wp\/v2\/users\/1"}],"replies":[{"embeddable":true,"href":"https:\/\/webciudadana.net\/index.php?rest_route=%2Fwp%2Fv2%2Fcomments&post=55727"}],"version-history":[{"count":0,"href":"https:\/\/webciudadana.net\/index.php?rest_route=\/wp\/v2\/posts\/55727\/revisions"}],"wp:attachment":[{"href":"https:\/\/webciudadana.net\/index.php?rest_route=%2Fwp%2Fv2%2Fmedia&parent=55727"}],"wp:term":[{"taxonomy":"category","embeddable":true,"href":"https:\/\/webciudadana.net\/index.php?rest_route=%2Fwp%2Fv2%2Fcategories&post=55727"},{"taxonomy":"post_tag","embeddable":true,"href":"https:\/\/webciudadana.net\/index.php?rest_route=%2Fwp%2Fv2%2Ftags&post=55727"}],"curies":[{"name":"wp","href":"https:\/\/api.w.org\/{rel}","templated":true}]}}