{"id":55732,"date":"2024-10-01T12:08:14","date_gmt":"2024-10-01T10:08:14","guid":{"rendered":"https:\/\/ticker-noticiasep.microcontenidos.com\/NoticiaRSS.vbhtml?user=FRND562DLP&amp;cod=20241001120814"},"modified":"2024-10-01T12:08:14","modified_gmt":"2024-10-01T10:08:14","slug":"sociedad-dac-docencia-lidera-la-fp-de-movilidad-segura-y-sostenible-con-mas-de-300-alumnos-de-toda-espana","status":"publish","type":"post","link":"https:\/\/webciudadana.net\/?p=55732","title":{"rendered":"Sociedad: DAC Docencia lidera la FP de Movilidad Segura y Sostenible con m\u00e1s de 300 alumnos de toda Espa\u00f1a"},"content":{"rendered":"\n<div><img decoding=\"async\" src=\"https:\/\/img.europapress.es\/fotoweb\/fotonoticia_20241001120814_300.jpg\" class=\"ff-og-image-inserted\"><\/div>\n<p>(Informaci\u00f3n remitida por la empresa firmante)<\/p>\n<p>\nEl nuevo curso Escolar 2024-2025 se inicia renovando el liderazgo de DAC Docencia en el t\u00edtulo de Grado Superior de Formaci\u00f3n para la Movilidad Segura y Sostenible, gracias a la confianza de m\u00e1s de 300 estudiantes matriculados en sus sedes de Castilla y Le\u00f3n y Arag\u00f3n<\/p>\n<p>\nEspa\u00f1a, 1 de octubre de 2024.- DAC Docencia inaugura el nuevo Curso Escolar con la participaci\u00f3n de figuras destacadas en el \u00e1mbito la Educaci\u00f3n, la Movilidad Segura y Sostenible, la Seguridad Vial y el Transporte.<\/p>\n<p> El innovador programa de FP en Movilidad Segura y Sostenible integra desde el uso del Metaverso aplicado a la movilidad, pasando por simuladores de conducci\u00f3n de \u00faltima generaci\u00f3n, hasta contenidos formativos sobre Movilidad El\u00e9ctrica y Conectada y Sistemas Inteligentes de Transporte, los alumnos obtendr\u00e1n una preparaci\u00f3n completa que los capacitar\u00e1 para ser protagonistas en el desarrollo de la Movilidad del futuro<\/p>\n<p>\nDestacamos las siguientes intervenciones del evento de inauguraci\u00f3n:<\/p>\n<p>\nRam\u00f3n Valdivia, Vicepresidente ejecutivo de ASTIC, destac\u00f3 la importancia que tiene esta formaci\u00f3n: \u00abLos nuevos T\u00e9cnicos Superiores no solo ser\u00e1n educadores y l\u00edderes en Seguridad Vial, sino que tambi\u00e9n desempe\u00f1ar\u00e1n un papel vital en la mejora de la competitividad, sostenibilidad y seguridad del sector del Transporte y de la Movilidad Sostenible. Este* nuevo t\u00edtulo tambi\u00e9n ayudar\u00e1, por medio de las diferentes docencias a las que habilitan, a implementar soluciones que optimicen rutas y reduzcan el impacto ambiental\u00bb.<\/p>\n<p> Ana Novella, Presidenta de Stop Accidentes, puso en valor la importancia de la autoconciencia de los actos que pueden generar violencia vial: \u00abNo olvid\u00e9is que cuando est\u00e9is dando clases, lo que est\u00e1 en juegos son las vidas humanas antes que cualquier cosa y con un veh\u00edculo se mata, no es fortuito, es algo que ocurre por una imprudencia previa, por lo tanto, lo que se est\u00e1 ense\u00f1ando a los dem\u00e1s tambi\u00e9n es salvar vidas, concienci\u00e1ndoles para compartir *la v\u00eda con responsabilidad y con *respeto por los dem\u00e1s\u00bb.<\/p>\n<p> Elisa Capote, CEO de DAC Docencia y Directora del Instituto AT-DAC, \u00abEstoy encantada de compartir que durante este pr\u00f3ximo curso escolar DAC Docencia celebra su 50 aniversario*formando a los antiguos Profesores de Autoescuela y que mejor broche que coincidir con las promociones m\u00e1s numerosas del nuevo T\u00edtulo de FP en Espa\u00f1a\u00bb. Tambi\u00e9n quiso agradecer la confianza de los m\u00e1s de 300 estudiantes y manifest\u00f3 que \u00abtodo nuestro equipo t\u00e9cnico y docente dar\u00e1n los mejor de s\u00ed mismo para conseguir el \u00e9xito de esta nueva aventura educativa\u00bb.<\/p>\n<p> Francisco Paz, CEO de Ecodriver Mobility Group, destac\u00f3 que los nuevos titulados tendr\u00e1n acceso a 11 profesiones apasionantes, pues son la llave de la Movilidad del Siglo XXI: \u00abEstamos ante una profesi\u00f3n muy bonita, apasionante, porque tiene muchos retos, pero bonita, porque qu\u00e9 bien que podamos decir cuando acabemos nuestra vida profesional, que nuestro trabajo ha servido para salvar vidas. Es un reto precioso\u00bb.<\/p>\n<p> Elisa Capote, concluye que realizar la oferta educativa de FP Dual en las modalidades de Formaci\u00f3n Presencial y Online, permite a los estudiantes elegir y explica por qu\u00e9 DAC Docencia cuenta con alumnos de m\u00e1s de 45 provincias de toda Espa\u00f1a, adem\u00e1s de su alta empleabilidad:*\u00bblos nuevos titulados tendr\u00e1n acceso a 11 profesiones diferentes de gran demanda: Docencia de formaciones relacionadas con el conductor (reguladas por DGT y Transporte), Educaci\u00f3n vial para todas las edades y la asesor\u00eda en los Planes de Movilidad y*Seguridad*Vial\u00bb.<\/p>\n<p> Contacto<\/p>\n<p>\nNombre contacto: Francisco Paz<\/p>\n<p>\nDescripci\u00f3n contacto: DAC Docencia &#8211; Director RRII<\/p>\n<p>\nTel\u00e9fono de contacto: 655497962<\/p>\n","protected":false},"excerpt":{"rendered":"<p>(Informaci\u00f3n remitida por la empresa firmante) El nuevo curso Escolar 2024-2025 se inicia renovando el liderazgo de DAC Docencia en el t\u00edtulo de Grado Superior de Formaci\u00f3n para la Movilidad Segura y Sostenible, gracias a la confianza de m\u00e1s de 300 estudiantes matriculados en sus sedes de Castilla y Le\u00f3n y Arag\u00f3n Espa\u00f1a, 1 de [&hellip;]<\/p>\n","protected":false},"author":1,"featured_media":0,"comment_status":"closed","ping_status":"closed","sticky":false,"template":"","format":"standard","meta":{"footnotes":""},"categories":[2],"tags":[],"class_list":["post-55732","post","type-post","status-publish","format-standard","hentry","category-noticias"],"_links":{"self":[{"href":"https:\/\/webciudadana.net\/index.php?rest_route=\/wp\/v2\/posts\/55732","targetHints":{"allow":["GET"]}}],"collection":[{"href":"https:\/\/webciudadana.net\/index.php?rest_route=\/wp\/v2\/posts"}],"about":[{"href":"https:\/\/webciudadana.net\/index.php?rest_route=\/wp\/v2\/types\/post"}],"author":[{"embeddable":true,"href":"https:\/\/webciudadana.net\/index.php?rest_route=\/wp\/v2\/users\/1"}],"replies":[{"embeddable":true,"href":"https:\/\/webciudadana.net\/index.php?rest_route=%2Fwp%2Fv2%2Fcomments&post=55732"}],"version-history":[{"count":0,"href":"https:\/\/webciudadana.net\/index.php?rest_route=\/wp\/v2\/posts\/55732\/revisions"}],"wp:attachment":[{"href":"https:\/\/webciudadana.net\/index.php?rest_route=%2Fwp%2Fv2%2Fmedia&parent=55732"}],"wp:term":[{"taxonomy":"category","embeddable":true,"href":"https:\/\/webciudadana.net\/index.php?rest_route=%2Fwp%2Fv2%2Fcategories&post=55732"},{"taxonomy":"post_tag","embeddable":true,"href":"https:\/\/webciudadana.net\/index.php?rest_route=%2Fwp%2Fv2%2Ftags&post=55732"}],"curies":[{"name":"wp","href":"https:\/\/api.w.org\/{rel}","templated":true}]}}