{"id":55740,"date":"2024-10-01T12:40:29","date_gmt":"2024-10-01T10:40:29","guid":{"rendered":"https:\/\/ticker-noticiasep.microcontenidos.com\/NoticiaRSS.vbhtml?user=FRND562DLP&amp;cod=20241001124029"},"modified":"2024-10-01T12:40:29","modified_gmt":"2024-10-01T10:40:29","slug":"seprotec-multilingual-solutions-nombra-a-christian-gardiner-como-nuevo-ceo","status":"publish","type":"post","link":"https:\/\/webciudadana.net\/?p=55740","title":{"rendered":"Seprotec Multilingual Solutions nombra a Christian Gardiner como nuevo CEO"},"content":{"rendered":"\n<div><img decoding=\"async\" src=\"https:\/\/img.europapress.es\/fotoweb\/fotonoticia_20241001124029_300.jpg\" class=\"ff-og-image-inserted\"><\/div>\n<p>(Informaci\u00f3n remitida por la empresa firmante)<\/p>\n<p> MADRID, 1 (EUROPA PRESS)<\/p>\n<p> Seprotec Multilingual Solutions, empresa de capital 100 por 100 espa\u00f1ol y una de las 30 principales empresas proveedoras de servicios ling\u00fc\u00edsticos a nivel mundial, ha anunciado el nombramiento de Christian Gardiner como nuevo CEO. En su nuevo cargo, Gardiner ser\u00e1 responsable de impulsar el plan de crecimiento de Seprotec, basado tanto en el desarrollo org\u00e1nico como en la adquisici\u00f3n de empresas especializadas en servicios multiling\u00fces, desarrollo tecnol\u00f3gico y gesti\u00f3n de propiedad intelectual.<\/p>\n<p> El objetivo de este nuevo planteamiento es \u00abfortalecer la posici\u00f3n de Seprotec como l\u00edder en soluciones ling\u00fc\u00edsticas globales, ampliando su oferta y su presencia en mercados estrat\u00e9gicos\u00bb, seg\u00fan han explicado desde la compa\u00f1\u00eda.<\/p>\n<p> Con una s\u00f3lida trayectoria en liderazgo empresarial y transformaci\u00f3n organizacional, Gardiner aporta m\u00e1s de 19 a\u00f1os de experiencia en el sector de la tecnolog\u00eda de la informaci\u00f3n, habiendo desempe\u00f1ado roles clave en la direcci\u00f3n y crecimiento de compa\u00f1\u00edas de referencia. Entre sus principales fortalezas destacan su experiencia en la integraci\u00f3n de empresas, el desarrollo de estrategias de negocio, la transformaci\u00f3n de equipos y la gesti\u00f3n del talento, todas ellas habilidades que ser\u00e1n fundamentales para la pr\u00f3xima etapa de crecimiento de Seprotec.<\/p>\n<p> Antes de unirse a Seprotec, Gardiner ocup\u00f3 el cargo de director general en SAS Iberia, donde lider\u00f3 con \u00e9xito la transformaci\u00f3n y el crecimiento de la compa\u00f1\u00eda. Adem\u00e1s, ha sido Senior Advisor en PwC y ha desempe\u00f1ado posiciones de liderazgo Deutsche Telekom AG y SYBASE (SAP), consolidando su reputaci\u00f3n como un l\u00edder en estrategia y desarrollo de negocio a nivel internacional.<\/p>\n<p> Gardiner es licenciado en Derecho por la Universidad de Deusto y ha completado el Programa para Consejeros en Esade, lo que refuerza su capacidad para dirigir con visi\u00f3n y adaptabilidad en entornos de alta competitividad.<\/p>\n<p> \u00abCon esta nueva incorporaci\u00f3n, Seprotec refuerza su compromiso con la innovaci\u00f3n, la excelencia operativa y la expansi\u00f3n global, posicion\u00e1ndose como un socio estrat\u00e9gico para empresas que buscan soluciones multiling\u00fces y de gesti\u00f3n de propiedad industrial e intelectual avanzadas\u00bb, seg\u00fan han indicado desde la empresa.<\/p>\n<p> Seprotec, participada por Nazca Capital desde 2021, cuenta con m\u00e1s de 25 a\u00f1os de experiencia y est\u00e1 especializada en la prestaci\u00f3n de servicios de traducci\u00f3n e interpretaci\u00f3n en m\u00e1s de 220 idiomas, y ofrece servicios tecnol\u00f3gicos de gesti\u00f3n de propiedad industrial a trav\u00e9s de su filial SHIP Global IP.<\/p>\n<p> El Grupo cuenta con una amplia experiencia en la traducci\u00f3n de patentes y ha acumulado amplias bases de datos especializadas en sectores como el farmac\u00e9utico, ciencias de la salud e industrial. Asimismo, est\u00e1 especializada en ofrecer servicios de traducci\u00f3n e interpretaci\u00f3n a Administraciones P\u00fablicas nacionales e internacionales. La compa\u00f1\u00eda est\u00e1 internacionalizada &#8211;m\u00e1s del 50 por ciento de sus ventas proviene de fuera de Espa\u00f1a&#8211; y dispone de oficinas en Basilea (Suiza), Cracovia (Polonia), Colonia y Berlin (Alemania) y Austin (EE.UU.).<\/p>\n<p> Adicionalmente, su filial SHIP Global IP, fundada en 2016, ha desarrollado una plataforma tecnol\u00f3gica que permite gestionar carteras globales de propiedad industrial de forma m\u00e1s eficiente. M\u00e1s de un 90 por ciento de sus ventas se realizan fuera de Espa\u00f1a.<\/p>\n","protected":false},"excerpt":{"rendered":"<p>(Informaci\u00f3n remitida por la empresa firmante) MADRID, 1 (EUROPA PRESS) Seprotec Multilingual Solutions, empresa de capital 100 por 100 espa\u00f1ol y una de las 30 principales empresas proveedoras de servicios ling\u00fc\u00edsticos a nivel mundial, ha anunciado el nombramiento de Christian Gardiner como nuevo CEO. En su nuevo cargo, Gardiner ser\u00e1 responsable de impulsar el plan [&hellip;]<\/p>\n","protected":false},"author":1,"featured_media":0,"comment_status":"closed","ping_status":"closed","sticky":false,"template":"","format":"standard","meta":{"footnotes":""},"categories":[2],"tags":[],"class_list":["post-55740","post","type-post","status-publish","format-standard","hentry","category-noticias"],"_links":{"self":[{"href":"https:\/\/webciudadana.net\/index.php?rest_route=\/wp\/v2\/posts\/55740","targetHints":{"allow":["GET"]}}],"collection":[{"href":"https:\/\/webciudadana.net\/index.php?rest_route=\/wp\/v2\/posts"}],"about":[{"href":"https:\/\/webciudadana.net\/index.php?rest_route=\/wp\/v2\/types\/post"}],"author":[{"embeddable":true,"href":"https:\/\/webciudadana.net\/index.php?rest_route=\/wp\/v2\/users\/1"}],"replies":[{"embeddable":true,"href":"https:\/\/webciudadana.net\/index.php?rest_route=%2Fwp%2Fv2%2Fcomments&post=55740"}],"version-history":[{"count":0,"href":"https:\/\/webciudadana.net\/index.php?rest_route=\/wp\/v2\/posts\/55740\/revisions"}],"wp:attachment":[{"href":"https:\/\/webciudadana.net\/index.php?rest_route=%2Fwp%2Fv2%2Fmedia&parent=55740"}],"wp:term":[{"taxonomy":"category","embeddable":true,"href":"https:\/\/webciudadana.net\/index.php?rest_route=%2Fwp%2Fv2%2Fcategories&post=55740"},{"taxonomy":"post_tag","embeddable":true,"href":"https:\/\/webciudadana.net\/index.php?rest_route=%2Fwp%2Fv2%2Ftags&post=55740"}],"curies":[{"name":"wp","href":"https:\/\/api.w.org\/{rel}","templated":true}]}}