{"id":55755,"date":"2024-10-01T19:58:51","date_gmt":"2024-10-01T17:58:51","guid":{"rendered":"https:\/\/ticker-noticiasep.microcontenidos.com\/NoticiaRSS.vbhtml?user=FRND562DLP&amp;cod=20241001195851"},"modified":"2024-10-01T19:58:51","modified_gmt":"2024-10-01T17:58:51","slug":"mundo-rlc-global-forum-debuta-en-riad-y-marca-el-futuro-del-comercio-minorista-global","status":"publish","type":"post","link":"https:\/\/webciudadana.net\/?p=55755","title":{"rendered":"Mundo: RLC Global Forum debuta en Riad y marca el futuro del comercio minorista global"},"content":{"rendered":"\n<div><img decoding=\"async\" src=\"https:\/\/img.europapress.es\/fotoweb\/fotonoticia_20241001195851_300.jpg\" class=\"ff-og-image-inserted\"><\/div>\n<p>(Informaci\u00f3n remitida por la empresa firmante)<\/p>\n<p>\nRiad lidera el ascenso del CCG como centro de innovaci\u00f3n minorista, al acoger a l\u00edderes minoristas globales para abordar la resiliencia del mercado, el crecimiento impulsado por la IA y la sostenibilidad<\/p>\n<p>\nPanda Retail Company se suma como socio estrat\u00e9gico y Apparel Group como socio principal para respaldar el enfoque del Foro en \u00abReconstruir un futuro compartido\u00bb<\/p>\n<p>\nEl Foro marca la siguiente fase de la misi\u00f3n de una d\u00e9cada del C\u00edrculo de L\u00edderes Minoristas para conectar y empoderar a los l\u00edderes dentro del sector minorista<\/p>\n<p>\nRIYADH, Arabia Saud\u00ed, 1 de octubre de 2024 \/PRNewswire\/ &#8212; El RLC Global Forum celebrar\u00e1 su Reuni\u00f3n Anual Inaugural los d\u00edas 4 y 5 de febrero de 2025 en Riad, un evento de referencia para el sector minorista global. A medida que el CCG fortalece su posici\u00f3n como centro de resiliencia y crecimiento, impulsado por la Visi\u00f3n 2030 de Arabia Saudita, el Foro reunir\u00e1 a los principales minoristas, responsables de pol\u00edticas, inversores e innovadores del mundo para debatir el futuro de la industria, impulsado por la inteligencia artificial, la sostenibilidad y la colaboraci\u00f3n global.<\/p>\n<p> Bajo el lema \u00abReconstruir un futuro compartido\u00bb, el RLC Global Forum abordar\u00e1 los desaf\u00edos m\u00e1s urgentes a los que se enfrenta el comercio minorista global en la actualidad, incluida la transformaci\u00f3n tecnol\u00f3gica, el comercio transfronterizo, la resiliencia del mercado y los cambios geopol\u00edticos. El Foro servir\u00e1 como una plataforma fundamental para fomentar las asociaciones entre industrias y las estrategias innovadoras para impulsar el sector hacia adelante.<\/p>\n<p> \u00abNuestra evoluci\u00f3n hacia el RLC Global Forum refleja una visi\u00f3n m\u00e1s amplia e inclusiva para el sector minorista global\u00bb, dijo Panos Linardos, presidente del RLC Global Forum. \u00abEsta reuni\u00f3n anual inaugural ofrecer\u00e1 perspectivas \u00fanicas sobre c\u00f3mo podemos navegar por el complejo panorama del comercio minorista, desde los avances de la inteligencia artificial hasta la creaci\u00f3n de un crecimiento industrial sostenible e inclusivo\u00bb.<\/p>\n<p> Panda Retail Company, una de las principales cadenas minoristas de Oriente Medio y la principal cadena minorista de alimentaci\u00f3n de Arabia Saudita, se une como socio estrat\u00e9gico. \u00abNuestra alianza estrat\u00e9gica con el RLC Global Forum marca la dedicaci\u00f3n de Panda a la innovaci\u00f3n y la excelencia en el sector de la alimentaci\u00f3n\u00bb, afirm\u00f3 el Dr. Bander Hamooh, consejero delegado de Panda Retail Company. \u00abEsperamos aprovechar esta alianza para ser pioneros en nuevas soluciones y hacer avanzar el panorama minorista en Arabia Saudita.\u00bb<\/p>\n<p>\nAdem\u00e1s, Apparel Group, la multipremiada potencia mundial de la venta minorista de moda y estilo de vida, se suma como socio principal. \u00abEn Apparel Group, siempre estamos ansiosos por fomentar debates sobre temas cruciales que afectan tanto al panorama mundial como a nuestra industria\u00bb, afirm\u00f3 Sima Ganwani Ved, fundadora y presidenta de Apparel Group. \u00abNuestra asociaci\u00f3n estrat\u00e9gica con el RLC Global Forum destaca nuestro compromiso de involucrarnos en temas fundamentales e impulsar un di\u00e1logo significativo que d\u00e9 forma al futuro del comercio minorista y m\u00e1s all\u00e1\u00bb.<\/p>\n<p> El RLC Global Forum inaugural de 2025 promete ser un evento decisivo, que sentar\u00e1 las bases para el pr\u00f3ximo cap\u00edtulo de innovaci\u00f3n, colaboraci\u00f3n y crecimiento del comercio minorista.<\/p>\n<p> Foto: https:\/\/mma.prnewswire.com\/media\/2520817\/RLC_Global_Forum.jpg<\/p>\n<p> View original content:https:\/\/www.prnewswire.com\/es\/comunicados-de-prensa\/rlc-global-forum-debuta-en-riad-y-marca-el-futuro-del-comercio-minorista-global-302264532.html<\/p>\n","protected":false},"excerpt":{"rendered":"<p>(Informaci\u00f3n remitida por la empresa firmante) Riad lidera el ascenso del CCG como centro de innovaci\u00f3n minorista, al acoger a l\u00edderes minoristas globales para abordar la resiliencia del mercado, el crecimiento impulsado por la IA y la sostenibilidad Panda Retail Company se suma como socio estrat\u00e9gico y Apparel Group como socio principal para respaldar el [&hellip;]<\/p>\n","protected":false},"author":1,"featured_media":0,"comment_status":"closed","ping_status":"closed","sticky":false,"template":"","format":"standard","meta":{"footnotes":""},"categories":[2],"tags":[],"class_list":["post-55755","post","type-post","status-publish","format-standard","hentry","category-noticias"],"_links":{"self":[{"href":"https:\/\/webciudadana.net\/index.php?rest_route=\/wp\/v2\/posts\/55755","targetHints":{"allow":["GET"]}}],"collection":[{"href":"https:\/\/webciudadana.net\/index.php?rest_route=\/wp\/v2\/posts"}],"about":[{"href":"https:\/\/webciudadana.net\/index.php?rest_route=\/wp\/v2\/types\/post"}],"author":[{"embeddable":true,"href":"https:\/\/webciudadana.net\/index.php?rest_route=\/wp\/v2\/users\/1"}],"replies":[{"embeddable":true,"href":"https:\/\/webciudadana.net\/index.php?rest_route=%2Fwp%2Fv2%2Fcomments&post=55755"}],"version-history":[{"count":0,"href":"https:\/\/webciudadana.net\/index.php?rest_route=\/wp\/v2\/posts\/55755\/revisions"}],"wp:attachment":[{"href":"https:\/\/webciudadana.net\/index.php?rest_route=%2Fwp%2Fv2%2Fmedia&parent=55755"}],"wp:term":[{"taxonomy":"category","embeddable":true,"href":"https:\/\/webciudadana.net\/index.php?rest_route=%2Fwp%2Fv2%2Fcategories&post=55755"},{"taxonomy":"post_tag","embeddable":true,"href":"https:\/\/webciudadana.net\/index.php?rest_route=%2Fwp%2Fv2%2Ftags&post=55755"}],"curies":[{"name":"wp","href":"https:\/\/api.w.org\/{rel}","templated":true}]}}