{"id":55780,"date":"2024-10-02T12:34:21","date_gmt":"2024-10-02T10:34:21","guid":{"rendered":"https:\/\/ticker-noticiasep.microcontenidos.com\/NoticiaRSS.vbhtml?user=FRND562DLP&amp;cod=20241002123421"},"modified":"2024-10-02T12:34:21","modified_gmt":"2024-10-02T10:34:21","slug":"sociedad-el-campus-dalcoi-de-la-universitat-politecnica-de-valencia-comienza-el-curso-apostando-por-el-empleo","status":"publish","type":"post","link":"https:\/\/webciudadana.net\/?p=55780","title":{"rendered":"Sociedad: El Campus d&#8217;Alcoi de la Universitat Polit\u00e8cnica de Val\u00e8ncia comienza el curso apostando por el empleo"},"content":{"rendered":"\n<div><img decoding=\"async\" src=\"https:\/\/img.europapress.es\/fotoweb\/fotonoticia_20241002123421_300.jpg\" class=\"ff-og-image-inserted\"><\/div>\n<p>(Informaci\u00f3n remitida por la empresa firmante)<\/p>\n<p>\nEl Servicio Integrado de Empleo de la UPV pone en marcha esta actividad para preparar a los j\u00f3venes con la vista puesta en el pr\u00f3ximo Foro de Empleo que se celebrar\u00e1 en mayo de 2025<\/p>\n<p>\nAlcoy, 2 de octubre de 2024.- El Servicio Integrado de Empleo de la Universitat Polit\u00e8cnica de Val\u00e8ncia (UPV) ha instalado un domo en la plaza Ferr\u00e1ndiz y Carbonell de su Campus de Alcoi para llevar a cabo ma\u00f1ana su Interview Lab o Laboratorio de Entrevistas de Trabajo.<\/p>\n<p> Ma\u00f1ana por la ma\u00f1ana, entre las 10.00 y las 14.00 horas, varios expertos de los departamentos de recursos humanos de diversas empresas estar\u00e1n realizando simulaciones de entrevistas a todos los estudiantes y titulados de la UPV y asesor\u00e1ndoles sobre c\u00f3mo mejorar cuando se enfrenten a una entrevista laboral real.<\/p>\n<p> Se trata de una experiencia de gran valor para los j\u00f3venes que -adem\u00e1s de poder contar con la experiencia de una entrevista de trabajo simulada- contar\u00e1n con los comentarios de estos expertos en recursos humanos sobre c\u00f3mo mejorar y convencer a sus futuros entrevistadores y presentar mejor su curriculum vitae. Estas entrevistas se grabar\u00e1n en v\u00eddeo y se les enviar\u00e1n posteriormente a todos los participantes.<\/p>\n<p> Ma\u00f1ana se acercar\u00e1n a Alcoi profesionales del Servicio Integrado de Empleo de la UPV y directivos de las empresas Aitex, Altadia, Blinker, Erum, Facephi y Multiscan, que atender\u00e1n a los interesados durante toda la ma\u00f1ana. Para Lola Salvador, Vicerrectora de Empleo y Formaci\u00f3n Permanente de la UPV, \u00abcontar con esta experiencia es fundamental para los chicos y esta es una m\u00e1s de las iniciativas que fomentamos desde el vicerrectorado para conectar a nuestros estudiantes y titulados con empresas muy involucradas con el empleo cualitativo juvenil que busca este joven talento en la UPV\u00bb. En su opini\u00f3n, \u00abdesde la Universitat Polit\u00e8cnica de Val\u00e8ncia, creemos firmemente que no puede haber progreso ni empleo juvenil de calidad si empresas, universidades e instituciones no caminamos de la mano\u00bb.<\/p>\n<p> Contacto<\/p>\n<p>\nNombre contacto: Isabel Castro Robaina<\/p>\n<p>\nDescripci\u00f3n contacto: Consultores de Comunicaci\u00f3n<\/p>\n<p>\nTel\u00e9fono de contacto: 699418463<\/p>\n","protected":false},"excerpt":{"rendered":"<p>(Informaci\u00f3n remitida por la empresa firmante) El Servicio Integrado de Empleo de la UPV pone en marcha esta actividad para preparar a los j\u00f3venes con la vista puesta en el pr\u00f3ximo Foro de Empleo que se celebrar\u00e1 en mayo de 2025 Alcoy, 2 de octubre de 2024.- El Servicio Integrado de Empleo de la Universitat [&hellip;]<\/p>\n","protected":false},"author":1,"featured_media":0,"comment_status":"closed","ping_status":"closed","sticky":false,"template":"","format":"standard","meta":{"footnotes":""},"categories":[2],"tags":[],"class_list":["post-55780","post","type-post","status-publish","format-standard","hentry","category-noticias"],"_links":{"self":[{"href":"https:\/\/webciudadana.net\/index.php?rest_route=\/wp\/v2\/posts\/55780","targetHints":{"allow":["GET"]}}],"collection":[{"href":"https:\/\/webciudadana.net\/index.php?rest_route=\/wp\/v2\/posts"}],"about":[{"href":"https:\/\/webciudadana.net\/index.php?rest_route=\/wp\/v2\/types\/post"}],"author":[{"embeddable":true,"href":"https:\/\/webciudadana.net\/index.php?rest_route=\/wp\/v2\/users\/1"}],"replies":[{"embeddable":true,"href":"https:\/\/webciudadana.net\/index.php?rest_route=%2Fwp%2Fv2%2Fcomments&post=55780"}],"version-history":[{"count":0,"href":"https:\/\/webciudadana.net\/index.php?rest_route=\/wp\/v2\/posts\/55780\/revisions"}],"wp:attachment":[{"href":"https:\/\/webciudadana.net\/index.php?rest_route=%2Fwp%2Fv2%2Fmedia&parent=55780"}],"wp:term":[{"taxonomy":"category","embeddable":true,"href":"https:\/\/webciudadana.net\/index.php?rest_route=%2Fwp%2Fv2%2Fcategories&post=55780"},{"taxonomy":"post_tag","embeddable":true,"href":"https:\/\/webciudadana.net\/index.php?rest_route=%2Fwp%2Fv2%2Ftags&post=55780"}],"curies":[{"name":"wp","href":"https:\/\/api.w.org\/{rel}","templated":true}]}}