{"id":55782,"date":"2024-10-02T12:25:54","date_gmt":"2024-10-02T10:25:54","guid":{"rendered":"https:\/\/ticker-noticiasep.microcontenidos.com\/NoticiaRSS.vbhtml?user=FRND562DLP&amp;cod=20241002122554"},"modified":"2024-10-02T12:25:54","modified_gmt":"2024-10-02T10:25:54","slug":"alcampo-ha-evitado-la-emision-de-873-000-toneladas-de-co2eq-en-un-ano","status":"publish","type":"post","link":"https:\/\/webciudadana.net\/?p=55782","title":{"rendered":"Alcampo ha evitado la emisi\u00f3n de 873.000 toneladas de CO2eq en un a\u00f1o"},"content":{"rendered":"\n<div><img decoding=\"async\" src=\"https:\/\/img.europapress.es\/fotoweb\/fotonoticia_20241002122554_300.jpg\" class=\"ff-og-image-inserted\"><\/div>\n<p>(Informaci\u00f3n remitida por la empresa firmante)<\/p>\n<p>\nMide y publica su huella de carbono desde el a\u00f1o 2010. Alcampo ser\u00e1 neutra en carbono, en Alcances 1 y 2 en el a\u00f1o 2043<\/p>\n<p>\nMadrid, 2 de octubre de 2024.- Alcampo ha evitado, en 2023, la emisi\u00f3n de m\u00e1s de 873.000 toneladas de CO2eq, suponiendo una reducci\u00f3n del 21% respecto al a\u00f1o anterior. Esta cifra, responde a la medici\u00f3n de los Alcances 1, 2 y 3 de la Huella de Carbono 2023.<\/p>\n<p> La compa\u00f1\u00eda mide y publica dicha huella desde el a\u00f1o 2010, concibiendo la medici\u00f3n como un eje fundamental para avanzar en pro de la descarbonizaci\u00f3n.<\/p>\n<p> En este sentido, Alcampo hizo p\u00fablico su compromiso de alcanzar la neutralidad clim\u00e1tica en 2043 en el marco de los Alcances 1 y 2 y reducir un 25% las emisiones de CO2eq en el Alcance 3.<\/p>\n<p> Para la medici\u00f3n de la Huella de Carbono 2023 se ha elaborado seg\u00fan la metodolog\u00eda publicada por el Ministerio para la Transici\u00f3n Ecol\u00f3gica y el Reto Demogr\u00e1fico (MITECO).<\/p>\n<p> Comportamiento por Alcances<\/p>\n<p>\nEn el caso concreto del Alcance 1, que abarca las emisiones directas de Gases de Efecto Invernadero proveniente de fuentes que pertenecen o son controladas por Alcampo, se han tenido en cuenta las emisiones fugitivas de gases refrigerantes, las procedentes de la combusti\u00f3n de gas natural y gasoil y las causadas por la flota de transporte propio de la empresa.<\/p>\n<p> Los datos indican que respecto a 2022 se han reducido las emisiones de CO2eq un 3% tanto en valor absoluto como relativo, cifra que asciende, en ambos casos, al 82% si se tiene en cuenta el a\u00f1o base, fijado en 2013.<\/p>\n<p> El Alcance 2 recoge las emisiones indirectas debidas a la generaci\u00f3n de la electricidad consumida por Alcampo, que son cero, ya que desde 2018 la totalidad de la electricidad que consume la compa\u00f1\u00eda procede de fuentes de energ\u00eda renovables con certificado de garant\u00eda de origen.<\/p>\n<p> El Alcance 3 tiene en cuenta las emisiones producidas como consecuencia de las actividades desarrolladas por Alcampo, habiendo medido, en este caso, las emisiones debidas al suministro y tratamiento de agua, la producci\u00f3n de papel empleado en oficinas y tiendas, la log\u00edstica de productos desde las plataformas a los puntos de venta, la comercializaci\u00f3n de dichos productos, la gesti\u00f3n de residuos y las emisiones de Gases de Efecto Invernadero causadas por el desplazamiento de los trabajadores de Alcampo a sus centros de trabajo.<\/p>\n<p> En la medici\u00f3n del Alcance 3 se han ido introduciendo mejoras y ampliando el espectro de elementos a medir, por lo que el a\u00f1o base var\u00eda en funci\u00f3n del origen de las emisiones medidas. Respecto a 2022, en el caso del agua, se han disminuido un 3,3% las emisiones en valor absoluto y un 3,4% en valor relativo (CO2eq.\/ m* de sala de venta), cifra que supone un 0,8% en valor absoluto y 0,5% en valor relativo respecto a 2015, su a\u00f1o base.<\/p>\n<p> Las emisiones debidas al consumo de papel respecto a 2022 han aumentado un 1,3% en valor absoluto, disminuyendo un 12% en valor relativo, cifras que, demuestran reducciones del 55% y el 60% respectivamente desde 2017.<\/p>\n<p> M\u00e1s informaci\u00f3n:<\/p>\n<p>\n*Consultar Huella de Carbono 2023 completa<\/p>\n<p>\n*Acceder a v\u00eddeo resumen https:\/\/youtu.be\/&#8211;HMFKHiM14<\/p>\n<p>\nContacto<\/p>\n<p>\nNombre contacto: M\u00aa Jos\u00e9 Rebollo<\/p>\n<p>\nDescripci\u00f3n contacto: Responsable de Comunicaci\u00f3n y Relaciones Externas<\/p>\n<p>\nTel\u00e9fono de contacto: 686932748<\/p>\n","protected":false},"excerpt":{"rendered":"<p>(Informaci\u00f3n remitida por la empresa firmante) Mide y publica su huella de carbono desde el a\u00f1o 2010. Alcampo ser\u00e1 neutra en carbono, en Alcances 1 y 2 en el a\u00f1o 2043 Madrid, 2 de octubre de 2024.- Alcampo ha evitado, en 2023, la emisi\u00f3n de m\u00e1s de 873.000 toneladas de CO2eq, suponiendo una reducci\u00f3n del [&hellip;]<\/p>\n","protected":false},"author":1,"featured_media":0,"comment_status":"closed","ping_status":"closed","sticky":false,"template":"","format":"standard","meta":{"footnotes":""},"categories":[2],"tags":[],"class_list":["post-55782","post","type-post","status-publish","format-standard","hentry","category-noticias"],"_links":{"self":[{"href":"https:\/\/webciudadana.net\/index.php?rest_route=\/wp\/v2\/posts\/55782","targetHints":{"allow":["GET"]}}],"collection":[{"href":"https:\/\/webciudadana.net\/index.php?rest_route=\/wp\/v2\/posts"}],"about":[{"href":"https:\/\/webciudadana.net\/index.php?rest_route=\/wp\/v2\/types\/post"}],"author":[{"embeddable":true,"href":"https:\/\/webciudadana.net\/index.php?rest_route=\/wp\/v2\/users\/1"}],"replies":[{"embeddable":true,"href":"https:\/\/webciudadana.net\/index.php?rest_route=%2Fwp%2Fv2%2Fcomments&post=55782"}],"version-history":[{"count":0,"href":"https:\/\/webciudadana.net\/index.php?rest_route=\/wp\/v2\/posts\/55782\/revisions"}],"wp:attachment":[{"href":"https:\/\/webciudadana.net\/index.php?rest_route=%2Fwp%2Fv2%2Fmedia&parent=55782"}],"wp:term":[{"taxonomy":"category","embeddable":true,"href":"https:\/\/webciudadana.net\/index.php?rest_route=%2Fwp%2Fv2%2Fcategories&post=55782"},{"taxonomy":"post_tag","embeddable":true,"href":"https:\/\/webciudadana.net\/index.php?rest_route=%2Fwp%2Fv2%2Ftags&post=55782"}],"curies":[{"name":"wp","href":"https:\/\/api.w.org\/{rel}","templated":true}]}}