{"id":56012,"date":"2024-10-10T17:51:08","date_gmt":"2024-10-10T15:51:08","guid":{"rendered":"https:\/\/ticker-noticiasep.microcontenidos.com\/NoticiaRSS.vbhtml?user=FRND562DLP&amp;cod=20241010175108"},"modified":"2024-10-10T17:51:08","modified_gmt":"2024-10-10T15:51:08","slug":"mundo-seasalt-europe-celebra-en-ibiza-el-primer-encuentro-anual-de-productores-europeos-de-sal-marina","status":"publish","type":"post","link":"https:\/\/webciudadana.net\/?p=56012","title":{"rendered":"Mundo: SEASALT Europe celebra en Ibiza el Primer Encuentro Anual de productores europeos de sal marina"},"content":{"rendered":"\n<div><img decoding=\"async\" src=\"https:\/\/img.europapress.es\/fotoweb\/fotonoticia_20241010175108_300.jpg\" class=\"ff-og-image-inserted\"><\/div>\n<p>(Informaci\u00f3n remitida por la empresa firmante)<\/p>\n<p>\n&#8212; SEASALT Europe celebra en Ibiza el Primer Encuentro Anual de productores europeos de sal marina para promover la colaboraci\u00f3n y la sostenibilidad en el sector<\/p>\n<p>\nEl acto tuvo lugar en las salinas marinas del Parque Natural de Ses Salines, referente en la producci\u00f3n de sal marina, en armon\u00eda con la naturaleza y la conservaci\u00f3n de ecosistemas singulares, como humedales, dunas y praderas submarinas, fundamentales para la salud del Mediterr\u00e1neo.<\/p>\n<p> IBIZA, Espa\u00f1a, 10 de octubre de 2024 \/PRNewswire\/ &#8212; Ibiza se convirti\u00f3 en el escenario del primer encuentro de productores europeos de sal marina, una iniciativa organizada por SEASALT Europe para promover el networking y la colaboraci\u00f3n dentro del sector.<\/p>\n<p> El encuentro se celebr\u00f3 en el Parque Natural de Ses Salines, un entorno que alberga salinas marinas gestionadas por uno de los miembros de la asociaci\u00f3n, Salinera Espa\u00f1ola, anfitriona de este encuentro.<\/p>\n<p> El encuentro, concebido tambi\u00e9n como una jornada de puertas abiertas, tuvo como objetivo poner en contacto a las empresas de sal marina, tanto a las que ya son miembros de la asociaci\u00f3n como a las interesadas en unirse. Aunque la mayor\u00eda de los participantes pertenecen a SEASALT Europe, el evento estuvo abierto a cualquier proveedor europeo de sal marina que desee explorar oportunidades de colaboraci\u00f3n y compartir conocimientos sobre la producci\u00f3n de sal marina.<\/p>\n<p> La belleza del Parque Natural de Ses Salines, conocido por su biodiversidad y su avifauna \u00fanica, sirvi\u00f3 de marco a este encuentro. Ses Salines es un ejemplo excepcional de c\u00f3mo la producci\u00f3n de sal puede coexistir en armon\u00eda con la conservaci\u00f3n de los ecosistemas naturales.<\/p>\n<p> Entre los asistentes se encontraban representantes de Infosa, Bras del Port, Salinera Espa\u00f1ola, Andaluza de Sales Marinas, Salinas de Levante, Salinas de C\u00e1diz, Theodorou Salt y otros importantes actores del sector. Adem\u00e1s, la participaci\u00f3n de nuevos actores, como Solana Pag, aport\u00f3 una dimensi\u00f3n de crecimiento y diversidad al evento.<\/p>\n<p> Gonzalo D\u00edaz, presidente de SEASALT Europe, se\u00f1al\u00f3: \u00abEsta reuni\u00f3n supone un hito para nuestra industria. La colaboraci\u00f3n entre las salinas europeas es esencial para preservar nuestro patrimonio cultural y medioambiental, al tiempo que impulsamos la innovaci\u00f3n y la sostenibilidad en la producci\u00f3n de sal marina. Juntos, estamos forjando un futuro en el que la calidad de nuestra sal y el respeto por nuestros ecosistemas vayan de la mano\u00bb.<\/p>\n<p> El evento sirvi\u00f3 para sentar las bases para futuras colaboraciones, explorando c\u00f3mo la innovaci\u00f3n y las pr\u00e1cticas recomendadas pueden fortalecer la competitividad de este sector y promete ser un paso significativo hacia la consolidaci\u00f3n de una red fuerte y unida de empresas de sal marina en Europa.<\/p>\n<p> Foto: https:\/\/mma.prnewswire.com\/media\/2527676\/Seasalt_Europe.jpg<\/p>\n<p> View original content:https:\/\/www.prnewswire.com\/news-releases\/seasalt-europe-celebra-en-ibiza-el-primer-encuentro-anual-de-productores-europeos-de-sal-marina-302273148.html<\/p>\n","protected":false},"excerpt":{"rendered":"<p>(Informaci\u00f3n remitida por la empresa firmante) &#8212; SEASALT Europe celebra en Ibiza el Primer Encuentro Anual de productores europeos de sal marina para promover la colaboraci\u00f3n y la sostenibilidad en el sector El acto tuvo lugar en las salinas marinas del Parque Natural de Ses Salines, referente en la producci\u00f3n de sal marina, en armon\u00eda [&hellip;]<\/p>\n","protected":false},"author":1,"featured_media":0,"comment_status":"closed","ping_status":"closed","sticky":false,"template":"","format":"standard","meta":{"footnotes":""},"categories":[2],"tags":[],"class_list":["post-56012","post","type-post","status-publish","format-standard","hentry","category-noticias"],"_links":{"self":[{"href":"https:\/\/webciudadana.net\/index.php?rest_route=\/wp\/v2\/posts\/56012","targetHints":{"allow":["GET"]}}],"collection":[{"href":"https:\/\/webciudadana.net\/index.php?rest_route=\/wp\/v2\/posts"}],"about":[{"href":"https:\/\/webciudadana.net\/index.php?rest_route=\/wp\/v2\/types\/post"}],"author":[{"embeddable":true,"href":"https:\/\/webciudadana.net\/index.php?rest_route=\/wp\/v2\/users\/1"}],"replies":[{"embeddable":true,"href":"https:\/\/webciudadana.net\/index.php?rest_route=%2Fwp%2Fv2%2Fcomments&post=56012"}],"version-history":[{"count":0,"href":"https:\/\/webciudadana.net\/index.php?rest_route=\/wp\/v2\/posts\/56012\/revisions"}],"wp:attachment":[{"href":"https:\/\/webciudadana.net\/index.php?rest_route=%2Fwp%2Fv2%2Fmedia&parent=56012"}],"wp:term":[{"taxonomy":"category","embeddable":true,"href":"https:\/\/webciudadana.net\/index.php?rest_route=%2Fwp%2Fv2%2Fcategories&post=56012"},{"taxonomy":"post_tag","embeddable":true,"href":"https:\/\/webciudadana.net\/index.php?rest_route=%2Fwp%2Fv2%2Ftags&post=56012"}],"curies":[{"name":"wp","href":"https:\/\/api.w.org\/{rel}","templated":true}]}}