{"id":56313,"date":"2024-10-22T17:19:48","date_gmt":"2024-10-22T15:19:48","guid":{"rendered":"https:\/\/ticker-noticiasep.microcontenidos.com\/NoticiaRSS.vbhtml?user=FRND562DLP&amp;cod=20241022171948"},"modified":"2024-10-22T17:19:48","modified_gmt":"2024-10-22T15:19:48","slug":"sociedad-fundacion-familiar-fomcae-impulsa-cultura-y-tradicion-en-la-feria-artesanal-del-conde-zona-colonial","status":"publish","type":"post","link":"https:\/\/webciudadana.net\/?p=56313","title":{"rendered":"Sociedad: Fundaci\u00f3n Familiar (FOMCAE) impulsa cultura y tradici\u00f3n en la Feria Artesanal del Conde, Zona Colonial"},"content":{"rendered":"\n<div><img decoding=\"async\" src=\"https:\/\/img.europapress.es\/fotoweb\/fotonoticia_20241022171948_300.jpg\" class=\"ff-og-image-inserted\"><\/div>\n<p>(Informaci\u00f3n remitida por la empresa firmante)<\/p>\n<p>\nSanto Domingo, 22 de octubre de 2024.- &#8211; La Fundaci\u00f3n Familiar (FOMCAE), bajo la direcci\u00f3n de Lisandro Jos\u00e9 Macarrulla Mart\u00ednez y Lidia Mart\u00ednez, se enorgullece en anunciar su participaci\u00f3n en la Feria Artesanal del Conde, Zona Colonial. En su continuo esfuerzo por preservar y promover la cultura dominicana, FOMCAE apoya activamente a los negocios locales que contribuyen a mantener vivas las tradiciones.<\/p>\n<p> Este evento contar\u00e1 con m\u00e1s de 60 casetas repletas de artesan\u00edas locales, donde los asistentes podr\u00e1n apreciar y adquirir piezas \u00fanicas que representan el patrimonio cultural de la Rep\u00fablica Dominicana. La feria no solo es una vitrina para los artesanos locales, sino tambi\u00e9n un punto de encuentro para quienes valoran y disfrutan de la riqueza de nuestras costumbres.<\/p>\n<p> La participaci\u00f3n de la Fundaci\u00f3n Familiar reafirma su compromiso de fomentar el desarrollo econ\u00f3mico local y mantener vivas las expresiones art\u00edsticas tradicionales. \u00abNuestra cultura es el reflejo de qui\u00e9nes somos como pueblo, y apoyando a nuestros artesanos, contribuimos a preservar nuestras ra\u00edces para las futuras generaciones\u00bb, expres\u00f3 Lisandro Macarrulla Mart\u00ednez.<\/p>\n<p> La Feria Artesanal del Conde es una oportunidad ideal para que tanto residentes como visitantes de la ciudad disfruten de una experiencia \u00fanica, donde el arte, la historia y la tradici\u00f3n se entrelazan en un espacio lleno de creatividad y talento local.<\/p>\n<p> Contacto<\/p>\n<p>\nNombre del emisor: FOMCAE<\/p>\n<p>\nDescripci\u00f3n de contacto: Gabinete Period\u00edstico<\/p>\n<p>\nEmail de contacto: comunicados@prensaymedios.com<\/p>\n","protected":false},"excerpt":{"rendered":"<p>(Informaci\u00f3n remitida por la empresa firmante) Santo Domingo, 22 de octubre de 2024.- &#8211; La Fundaci\u00f3n Familiar (FOMCAE), bajo la direcci\u00f3n de Lisandro Jos\u00e9 Macarrulla Mart\u00ednez y Lidia Mart\u00ednez, se enorgullece en anunciar su participaci\u00f3n en la Feria Artesanal del Conde, Zona Colonial. En su continuo esfuerzo por preservar y promover la cultura dominicana, FOMCAE [&hellip;]<\/p>\n","protected":false},"author":1,"featured_media":0,"comment_status":"closed","ping_status":"closed","sticky":false,"template":"","format":"standard","meta":{"footnotes":""},"categories":[2],"tags":[],"class_list":["post-56313","post","type-post","status-publish","format-standard","hentry","category-noticias"],"_links":{"self":[{"href":"https:\/\/webciudadana.net\/index.php?rest_route=\/wp\/v2\/posts\/56313","targetHints":{"allow":["GET"]}}],"collection":[{"href":"https:\/\/webciudadana.net\/index.php?rest_route=\/wp\/v2\/posts"}],"about":[{"href":"https:\/\/webciudadana.net\/index.php?rest_route=\/wp\/v2\/types\/post"}],"author":[{"embeddable":true,"href":"https:\/\/webciudadana.net\/index.php?rest_route=\/wp\/v2\/users\/1"}],"replies":[{"embeddable":true,"href":"https:\/\/webciudadana.net\/index.php?rest_route=%2Fwp%2Fv2%2Fcomments&post=56313"}],"version-history":[{"count":0,"href":"https:\/\/webciudadana.net\/index.php?rest_route=\/wp\/v2\/posts\/56313\/revisions"}],"wp:attachment":[{"href":"https:\/\/webciudadana.net\/index.php?rest_route=%2Fwp%2Fv2%2Fmedia&parent=56313"}],"wp:term":[{"taxonomy":"category","embeddable":true,"href":"https:\/\/webciudadana.net\/index.php?rest_route=%2Fwp%2Fv2%2Fcategories&post=56313"},{"taxonomy":"post_tag","embeddable":true,"href":"https:\/\/webciudadana.net\/index.php?rest_route=%2Fwp%2Fv2%2Ftags&post=56313"}],"curies":[{"name":"wp","href":"https:\/\/api.w.org\/{rel}","templated":true}]}}