{"id":56508,"date":"2024-10-29T10:52:17","date_gmt":"2024-10-29T09:52:17","guid":{"rendered":"https:\/\/ticker-noticiasep.microcontenidos.com\/NoticiaRSS.vbhtml?user=FRND562DLP&amp;cod=20241029105217"},"modified":"2024-10-29T10:52:17","modified_gmt":"2024-10-29T09:52:17","slug":"sociedad-ana-locking-felix-sabroso-y-las-hermanas-ana-y-belen-lopez-puigcerver-seran-jurado-en-halloween-con-s","status":"publish","type":"post","link":"https:\/\/webciudadana.net\/?p=56508","title":{"rendered":"Sociedad: Ana Locking, Felix Sabroso y las hermanas Ana y Bel\u00e9n L\u00f3pez Puigcerver ser\u00e1n jurado en &#8216;Halloween Con S&#8217;"},"content":{"rendered":"\n<div><img decoding=\"async\" src=\"https:\/\/img.europapress.es\/fotoweb\/fotonoticia_20241029105217_300.jpg\" class=\"ff-og-image-inserted\"><\/div>\n<p>(Informaci\u00f3n remitida por la empresa firmante)<\/p>\n<p>\nEl Palacio de la Prensa acoger\u00e1 la noche m\u00e1s terror\u00edfica del a\u00f1o, esta vez cubierta de puro glamour de la mano del periodista y creador de contenido Edgard Caro<\/p>\n<p>\nMadrid, 29 de octubre de 2024.- La capital espa\u00f1ola se prepara para una celebraci\u00f3n de la noche m\u00e1s tenebrosa del a\u00f1o sin precedentes con &#8216;Halloween con S&#8217;, organizada por el creador de contenido y periodista Edgard Caro, tambi\u00e9n conocido como Sensillo con S. Un evento donde cerca de 300 celebridades lucir\u00e1n elaborados disfraces no solo para disfrutar de una m\u00e1gica velada, sino que adem\u00e1s su creatividad y trabajo tendr\u00e1 recompensa. La gala contar\u00e1 con un jurado de lujo compuesto por Felix Sabroso, Ana Locking y las hermanas Ana y Bel\u00e9n L\u00f3pez Puigcerver *que ser\u00e1n los encargados de entregar el premio al mejor disfraz de la noche, pero no ser\u00e1 el \u00fanico, ya que un jurado popular se encargar\u00e1 de votar a trav\u00e9s de la p\u00e1gina web su look favorito para llevarse el segundo galard\u00f3n a casa.<\/p>\n<p> El jurado<\/p>\n<p>\nF\u00e9lix Sabroso, Guionista y director de cine, (FURIA, Mentiras pasajeras, Perdona bonita, pero Lucas me quer\u00eda a m\u00ed, Los a\u00f1os desnudos*entre otros trabajos internacionales). Ana y Bel\u00e9n L\u00f3pez Puigcerver, el d\u00fao de hermanas, quienes acumulan ya un total de 5 premios Goya, especialistas en maquillaje y peluquer\u00eda y su trabajo, les ha generado m\u00faltiples nominaciones (Oscar, BAFTA). Han trabajado de la mano de Alejandro Amen\u00e1bar, Pedro Almod\u00f3var, Juan Antonio Bayona, etc. Y por \u00faltimo y no menos importante, Ana Locking, Dise\u00f1adora de moda y artista multidisciplinaria. Ha ganado premios como el Premio Nacional de Dise\u00f1o de Moda y se destaca por su estilo \u00fanico, que fusiona la moda con la narrativa art\u00edstica. Miembro del jurado en las 4 ediciones de RuPaul*s Drag Race Espa\u00f1a.<\/p>\n<p> Edgard Caro, quien cuenta con una audiencia global de m\u00e1s de 14 millones de seguidores en redes sociales, se ha propuesto dar un giro radical a la tradicional fiesta de Halloween en Espa\u00f1a. \u00abSiempre he admirado las celebraciones de Halloween en Estados Unidos y pens\u00e9: \u00bfpor qu\u00e9 no traer algo similar a Madrid? Es hora de innovar y ofrecer algo diferente\u00bb, comenta el creador de contenido, quien tambi\u00e9n ha contado con el apoyo de la cantante Barei, representante de Espa\u00f1a en Eurovisi\u00f3n, para elevar el glamour y la creatividad de la celebraci\u00f3n. Este evento tendr\u00e1 su cita en el ic\u00f3nico Palacio de la Prensa, en plena Gran V\u00eda, que este a\u00f1o celebra su centenario. Para realizar este ambicioso proyecto han colaborado como partner Super8, Wella Professionals, Sebastian Professional, OPI, etc.<\/p>\n<p> Unos pocos de los asistentes: Felix Sabroso, Ana y Bel\u00e9n L\u00f3pez Puigcerver, Ana Locking, Bibiana Fern\u00e1ndez, Jessica Goicochea, Vicco, Nona Sobo, Carmen Farala, Eric Masip, Secun de la Rosa, Sara Vega, La Terremoto de Alcorc\u00f3n, Jau Forn\u00e9s, Gloria Camila, Hellena Tablada, Alex Saint, Topacio Fresh, Martita de Gran\u00e1, \u00c1ngela Ponce, Adexe y Nau, Paul Thin, Denna, Alez, Lucas Curotto, Salma, Hugacio Crujiente, Kevin Rold\u00e1n, Javier Fern\u00e1ndez, Lorena G\u00f3mez, Melyssa Pinto, JustBoggi, Barei, Carlos Marco, Mariona Ter\u00e9s, Pino Montesdeoca, Michelle Calv\u00f3, Fran Berenguer, Marina Carmona, Mar\u00eda Eizaguirre, Sara Hurtado.<\/p>\n<p> Contacto<\/p>\n<p>\nNombre contacto: \u00c1lvaro Diego S\u00e1nchez<\/p>\n<p>\nDescripci\u00f3n contacto: Sensillocons SL<\/p>\n<p>\nTel\u00e9fono de contacto: 635111904<\/p>\n","protected":false},"excerpt":{"rendered":"<p>(Informaci\u00f3n remitida por la empresa firmante) El Palacio de la Prensa acoger\u00e1 la noche m\u00e1s terror\u00edfica del a\u00f1o, esta vez cubierta de puro glamour de la mano del periodista y creador de contenido Edgard Caro Madrid, 29 de octubre de 2024.- La capital espa\u00f1ola se prepara para una celebraci\u00f3n de la noche m\u00e1s tenebrosa del [&hellip;]<\/p>\n","protected":false},"author":1,"featured_media":0,"comment_status":"closed","ping_status":"closed","sticky":false,"template":"","format":"standard","meta":{"footnotes":""},"categories":[2],"tags":[],"class_list":["post-56508","post","type-post","status-publish","format-standard","hentry","category-noticias"],"_links":{"self":[{"href":"https:\/\/webciudadana.net\/index.php?rest_route=\/wp\/v2\/posts\/56508","targetHints":{"allow":["GET"]}}],"collection":[{"href":"https:\/\/webciudadana.net\/index.php?rest_route=\/wp\/v2\/posts"}],"about":[{"href":"https:\/\/webciudadana.net\/index.php?rest_route=\/wp\/v2\/types\/post"}],"author":[{"embeddable":true,"href":"https:\/\/webciudadana.net\/index.php?rest_route=\/wp\/v2\/users\/1"}],"replies":[{"embeddable":true,"href":"https:\/\/webciudadana.net\/index.php?rest_route=%2Fwp%2Fv2%2Fcomments&post=56508"}],"version-history":[{"count":0,"href":"https:\/\/webciudadana.net\/index.php?rest_route=\/wp\/v2\/posts\/56508\/revisions"}],"wp:attachment":[{"href":"https:\/\/webciudadana.net\/index.php?rest_route=%2Fwp%2Fv2%2Fmedia&parent=56508"}],"wp:term":[{"taxonomy":"category","embeddable":true,"href":"https:\/\/webciudadana.net\/index.php?rest_route=%2Fwp%2Fv2%2Fcategories&post=56508"},{"taxonomy":"post_tag","embeddable":true,"href":"https:\/\/webciudadana.net\/index.php?rest_route=%2Fwp%2Fv2%2Ftags&post=56508"}],"curies":[{"name":"wp","href":"https:\/\/api.w.org\/{rel}","templated":true}]}}