{"id":56512,"date":"2024-10-29T11:52:54","date_gmt":"2024-10-29T10:52:54","guid":{"rendered":"https:\/\/ticker-noticiasep.microcontenidos.com\/NoticiaRSS.vbhtml?user=FRND562DLP&amp;cod=20241029115254"},"modified":"2024-10-29T11:52:54","modified_gmt":"2024-10-29T10:52:54","slug":"sociedad-el-aumento-de-los-trastornos-de-aprendizaje-sin-atencion-temprana-puede-influir-en-el-abandono-escolar","status":"publish","type":"post","link":"https:\/\/webciudadana.net\/?p=56512","title":{"rendered":"Sociedad: El aumento de los trastornos de aprendizaje sin atenci\u00f3n temprana puede influir en el abandono escolar"},"content":{"rendered":"\n<div><img decoding=\"async\" src=\"https:\/\/img.europapress.es\/fotoweb\/fotonoticia_20241029115254_300.jpg\" class=\"ff-og-image-inserted\"><\/div>\n<p>(Informaci\u00f3n remitida por la empresa firmante)<\/p>\n<p>\nanda CONMiGO, referentes en metodolog\u00eda terap\u00e9utica integral para el desarrollo infantil y adolescente, con centros especializados a nivel nacional e internacional, advierten de la importancia de ofrecer terapias integrales que se adapten a cada persona, y no al rev\u00e9s<\/p>\n<p>\nMadrid, 29 de octubre de 2024.- En Espa\u00f1a, se estima que los trastornos del aprendizaje han aumentado m\u00e1s de un 26,6% desde 2019, afectando hasta la fecha a 29 de cada 1.000 estudiantes en la infancia y adolescencia, como indica el informe anual del Sistema Nacional de Salud, elaborado por el Ministerio de Sanidad. Esto supone un gran desaf\u00edo para las familias y profesores que pueden verse perjudicados por la falta de recursos y herramientas necesarias.<\/p>\n<p> Adem\u00e1s, los \u00faltimos datos de Eurostat, sit\u00faan a Espa\u00f1a como el segundo pa\u00eds de la Uni\u00f3n Europea con m\u00e1s abandono escolar prematuro, solo por detr\u00e1s de Ruman\u00eda. Estos datos corresponden a j\u00f3venes de entre 18 y 24 a\u00f1os que dejan la educaci\u00f3n y la formaci\u00f3n, lo que subraya la importancia de actuar con rapidez para combatir esta problem\u00e1tica y poner soluci\u00f3n antes de que se produzca.<\/p>\n<p> \u00abEspa\u00f1a debe abordar esta cuesti\u00f3n desde una perspectiva integral que permita a los ni\u00f1os y ni\u00f1as contar con recursos eficientes para la atenci\u00f3n temprana y que les prepare e impulse a superar las barreras que limitan su desarrollo acad\u00e9mico y emocional\u00bb, se\u00f1ala Javier Berg\u00f3n, CEO y fundador de los centros anda CONMiGO, referentes en metodolog\u00eda terap\u00e9utica integral.<\/p>\n<p> Las cifras de los \u00faltimos estudios reflejan que Espa\u00f1a a\u00fan est\u00e1 lejos de ser l\u00edder en abordar esta circunstancia, ya sea por la falta de recursos o porque esta atenci\u00f3n se reciba demasiado tarde. Por ello, los expertos indican que lo primero es tratar este \u00e1mbito desde la perspectiva de una terapia integral, donde participen los distintos actores que est\u00e1n involucrados en el avance del menor.<\/p>\n<p> \u00abEntendemos que cada ni\u00f1o\/a tiene una situaci\u00f3n y necesidades diferentes y si no nos centramos en ofrecer terapias integrales que se adapten al ni\u00f1o, y no al rev\u00e9s, nos enfrentamos a que exista abandono escolar cuando alcancen la edad adulta y, adem\u00e1s del impacto que esto produce a nivel nacional\u00bb, contin\u00faa Berg\u00f3n.<\/p>\n<p> Con el objetivo de proporcionar una terapia integral y personalizada, en los centros de atenci\u00f3n terap\u00e9utica anda CONMiGO, emplean una metodolog\u00eda que cuenta con la visi\u00f3n del entorno cercano del menor. Para Berg\u00f3n, \u00abtambi\u00e9n existen otros aspectos tan importantes como la autoestima o la comunicaci\u00f3n efectiva, que solamente se pueden abordar trabajando en una metodolog\u00eda de terapia integral y siempre en coordinaci\u00f3n con la familia, terapeutas, profesores, m\u00e9dicos, etc. que intervengan en todo el proceso\u00bb.<\/p>\n<p> Adem\u00e1s, es importante no solo atender al \u00e9xito acad\u00e9mico o tratar un tipo de trastorno espec\u00edfico. Desde la experiencia de anda CONMiGO abarcan un amplio espectro de necesidades y ofrecen a todos los ni\u00f1os, independientemente de su diagn\u00f3stico, la oportunidad de beneficiarse de un entorno que fomente su crecimiento y desarrollo.<\/p>\n<p> En definitiva, ante el panorama educativo actual, es primordial que tanto las familias como los menores puedan contar con recursos profesionales adecuados que hagan posible identificar las necesidades y particularidades de cada estudiante. Adem\u00e1s, las familias y tutores legales de los m\u00e1s peque\u00f1os tambi\u00e9n demandan apoyo que les aporte valor y se integre de manera fluida en la vida cotidiana de sus hijos\/as.<\/p>\n<p> Emisor: anda CONMiGO<\/p>\n<p>\nContacto<\/p>\n<p>\nNombre contacto: Alicia Merino<\/p>\n<p>\nDescripci\u00f3n contacto: LeanFactor Global Communication<\/p>\n<p>\nTel\u00e9fono de contacto: 637236081<\/p>\n","protected":false},"excerpt":{"rendered":"<p>(Informaci\u00f3n remitida por la empresa firmante) anda CONMiGO, referentes en metodolog\u00eda terap\u00e9utica integral para el desarrollo infantil y adolescente, con centros especializados a nivel nacional e internacional, advierten de la importancia de ofrecer terapias integrales que se adapten a cada persona, y no al rev\u00e9s Madrid, 29 de octubre de 2024.- En Espa\u00f1a, se estima [&hellip;]<\/p>\n","protected":false},"author":1,"featured_media":0,"comment_status":"closed","ping_status":"closed","sticky":false,"template":"","format":"standard","meta":{"footnotes":""},"categories":[2],"tags":[],"class_list":["post-56512","post","type-post","status-publish","format-standard","hentry","category-noticias"],"_links":{"self":[{"href":"https:\/\/webciudadana.net\/index.php?rest_route=\/wp\/v2\/posts\/56512","targetHints":{"allow":["GET"]}}],"collection":[{"href":"https:\/\/webciudadana.net\/index.php?rest_route=\/wp\/v2\/posts"}],"about":[{"href":"https:\/\/webciudadana.net\/index.php?rest_route=\/wp\/v2\/types\/post"}],"author":[{"embeddable":true,"href":"https:\/\/webciudadana.net\/index.php?rest_route=\/wp\/v2\/users\/1"}],"replies":[{"embeddable":true,"href":"https:\/\/webciudadana.net\/index.php?rest_route=%2Fwp%2Fv2%2Fcomments&post=56512"}],"version-history":[{"count":0,"href":"https:\/\/webciudadana.net\/index.php?rest_route=\/wp\/v2\/posts\/56512\/revisions"}],"wp:attachment":[{"href":"https:\/\/webciudadana.net\/index.php?rest_route=%2Fwp%2Fv2%2Fmedia&parent=56512"}],"wp:term":[{"taxonomy":"category","embeddable":true,"href":"https:\/\/webciudadana.net\/index.php?rest_route=%2Fwp%2Fv2%2Fcategories&post=56512"},{"taxonomy":"post_tag","embeddable":true,"href":"https:\/\/webciudadana.net\/index.php?rest_route=%2Fwp%2Fv2%2Ftags&post=56512"}],"curies":[{"name":"wp","href":"https:\/\/api.w.org\/{rel}","templated":true}]}}