{"id":56522,"date":"2024-10-29T16:01:40","date_gmt":"2024-10-29T15:01:40","guid":{"rendered":"https:\/\/ticker-noticiasep.microcontenidos.com\/NoticiaRSS.vbhtml?user=FRND562DLP&amp;cod=20241029160140"},"modified":"2024-10-29T16:01:40","modified_gmt":"2024-10-29T15:01:40","slug":"vb-group-presenta-su-nueva-area-vb-agro-en-huelva","status":"publish","type":"post","link":"https:\/\/webciudadana.net\/?p=56522","title":{"rendered":"VB group presenta su nueva \u00e1rea VB Agro en Huelva"},"content":{"rendered":"\n<div><img decoding=\"async\" src=\"https:\/\/img.europapress.es\/fotoweb\/fotonoticia_20241029160140_300.jpg\" class=\"ff-og-image-inserted\"><\/div>\n<p>(Informaci\u00f3n remitida por la empresa firmante)<\/p>\n<p>\nMadrid, 29 de octubre<\/p>\n<p>\nVB group, empresa l\u00edder en soluciones 360 dentro de la industria del turismo, entretenimiento y movilidad corporativa, ha dado un importante paso en su diversificaci\u00f3n con el lanzamiento de VB Agro, su nueva l\u00ednea de negocio enfocada en ofrecer soluciones integrales para el sector agroalimentario<\/p>\n<p>\nEl pasado 17 de octubre, la ciudad de Huelva fue testigo de la presentaci\u00f3n que marc\u00f3 un nuevo hito para VB group: el lanzamiento de su \u00e1rea VB Agro, celebrado en la emblem\u00e1tica Casa del Conquero. El evento reuni\u00f3 a profesionales del sector y estamentos p\u00fablicos. Entre ellos, el Director Ejecutivo de VB Group, Guillermo Espin\u00f3s, y el Global Key Account Manager, Javier del Barrio, quienes presentaron la visi\u00f3n y los objetivos estrat\u00e9gicos de esta nueva \u00e1rea.<\/p>\n<p> Durante la presentaci\u00f3n, Guillermo Espin\u00f3s comparti\u00f3 la visi\u00f3n y los objetivos de VB Agro, \u00abestamos comprometidos en apoyar al sector agroalimentario, ofreciendo soluciones integrales que faciliten la log\u00edstica y los desplazamientos de las empresas agr\u00edcolas y sus proveedores. Nos enorgullece atender todas las necesidades, sugerencias y preferencias del sector, aportando nuestra experiencia, calidad y profesionalidad en cada uno de los viajes y eventos que organizamos.\u00bb, afirm\u00f3 Espin\u00f3s, quien tambi\u00e9n destac\u00f3 el compromiso de la empresa con la sostenibilidad y el desarrollo local.<\/p>\n<p> Javier del Barrio, por su parte, explic\u00f3 las oportunidades que ofrece VB Agro para los clientes. \u00abofrecemos un servicio integral de gesti\u00f3n y log\u00edstica a empresas agr\u00edcolas y entidades institucionales, facilitando su presencia en las principales ferias y eventos del sector agroalimentario, tanto a nivel nacional como internacional.\u00bb, coment\u00f3 del Barrio.<\/p>\n<p> El evento fue un \u00e9xito rotundo, atrayendo a una amplia representaci\u00f3n del sector agroalimentario y de entidades p\u00fablicas, quienes manifestaron su inter\u00e9s por las innovadoras propuestas de VB Group. Con el lanzamiento de VB Agro, la compa\u00f1\u00eda refuerza su posicionamiento como un actor clave en el desarrollo de soluciones para la cadena de valor agroalimentaria, consolidando su apuesta por la tecnolog\u00eda y el servicio de excelencia.<\/p>\n<p> Con este nuevo paso, VB Group contin\u00faa ampliando su liderazgo, ofreciendo nuevas posibilidades a las empresas del sector que buscan optimizar su presencia en eventos clave y mejorar su eficiencia log\u00edstica, al mismo tiempo que se alinean con pr\u00e1cticas sostenibles y de desarrollo local.<\/p>\n<p> Sobre VB Group<\/p>\n<p>\n*Con presencia en Espa\u00f1a y Am\u00e9rica Latina,*VB Group,*empresa l\u00edder en soluciones 360 dentro de la industria del turismo, entretenimiento y movilidad corporativa. Est\u00e1 especializado en viajes corporativos, que suponen m\u00e1s del 60% de las ventas, y tiene diferentes l\u00edneas de negocio dentro del turismo, que desarrolla a trav\u00e9s de 15 marcas reconocidas en el mercado.<\/p>\n<p> Fundada en 2009 por los hermanos Jorge y Guillermo Espin\u00f3s, la compa\u00f1\u00eda tiene un equipo formado actualmente por 260 profesionales dedicados a transformar la industria del viaje y la movilidad a trav\u00e9s del servicio y la tecnolog\u00eda.<\/p>\n<p> Desde su creaci\u00f3n, VB Group ha pasado de ser una peque\u00f1a agencia de viajes local de vacaciones, a una compa\u00f1\u00eda global, que acompa\u00f1a a sus clientes en sus proyectos como partner estrat\u00e9gico.<\/p>\n<p> Contacto<\/p>\n<p>\nNombre contacto: Mariano Z\u00fa\u00f1iga Roger<\/p>\n<p>\nDescripci\u00f3n contacto: VB group \/ Director de Comunicaci\u00f3n y Marketing<\/p>\n<p>\nTel\u00e9fono de contacto: +34 621 23 40 46<\/p>\n","protected":false},"excerpt":{"rendered":"<p>(Informaci\u00f3n remitida por la empresa firmante) Madrid, 29 de octubre VB group, empresa l\u00edder en soluciones 360 dentro de la industria del turismo, entretenimiento y movilidad corporativa, ha dado un importante paso en su diversificaci\u00f3n con el lanzamiento de VB Agro, su nueva l\u00ednea de negocio enfocada en ofrecer soluciones integrales para el sector agroalimentario [&hellip;]<\/p>\n","protected":false},"author":1,"featured_media":0,"comment_status":"closed","ping_status":"closed","sticky":false,"template":"","format":"standard","meta":{"footnotes":""},"categories":[2],"tags":[],"class_list":["post-56522","post","type-post","status-publish","format-standard","hentry","category-noticias"],"_links":{"self":[{"href":"https:\/\/webciudadana.net\/index.php?rest_route=\/wp\/v2\/posts\/56522","targetHints":{"allow":["GET"]}}],"collection":[{"href":"https:\/\/webciudadana.net\/index.php?rest_route=\/wp\/v2\/posts"}],"about":[{"href":"https:\/\/webciudadana.net\/index.php?rest_route=\/wp\/v2\/types\/post"}],"author":[{"embeddable":true,"href":"https:\/\/webciudadana.net\/index.php?rest_route=\/wp\/v2\/users\/1"}],"replies":[{"embeddable":true,"href":"https:\/\/webciudadana.net\/index.php?rest_route=%2Fwp%2Fv2%2Fcomments&post=56522"}],"version-history":[{"count":0,"href":"https:\/\/webciudadana.net\/index.php?rest_route=\/wp\/v2\/posts\/56522\/revisions"}],"wp:attachment":[{"href":"https:\/\/webciudadana.net\/index.php?rest_route=%2Fwp%2Fv2%2Fmedia&parent=56522"}],"wp:term":[{"taxonomy":"category","embeddable":true,"href":"https:\/\/webciudadana.net\/index.php?rest_route=%2Fwp%2Fv2%2Fcategories&post=56522"},{"taxonomy":"post_tag","embeddable":true,"href":"https:\/\/webciudadana.net\/index.php?rest_route=%2Fwp%2Fv2%2Ftags&post=56522"}],"curies":[{"name":"wp","href":"https:\/\/api.w.org\/{rel}","templated":true}]}}