{"id":56524,"date":"2024-10-29T15:58:58","date_gmt":"2024-10-29T14:58:58","guid":{"rendered":"https:\/\/ticker-noticiasep.microcontenidos.com\/NoticiaRSS.vbhtml?user=FRND562DLP&amp;cod=20241029155858"},"modified":"2024-10-29T15:58:58","modified_gmt":"2024-10-29T14:58:58","slug":"inblak-se-consolida-como-referente-en-micropigmentacion-capilar-en-espana","status":"publish","type":"post","link":"https:\/\/webciudadana.net\/?p=56524","title":{"rendered":"INBLAK se consolida como referente en micropigmentaci\u00f3n capilar en Espa\u00f1a"},"content":{"rendered":"\n<div><img decoding=\"async\" src=\"https:\/\/img.europapress.es\/fotoweb\/fotonoticia_20241029155858_300.jpg\" class=\"ff-og-image-inserted\"><\/div>\n<p>(Informaci\u00f3n remitida por la empresa firmante)<\/p>\n<p>\nMadrid, 29 de octubre de 2024.- La p\u00e9rdida de pelo, una circunstancia que afecta a millones de personas, puede generar una profunda inseguridad. Sin embargo, existe una soluci\u00f3n que va m\u00e1s all\u00e1 de los tratamientos tradicionales: la micropigmentaci\u00f3n capilar. INBLAK, el centro fundado por Jose Moraleda, ha revolucionado esta t\u00e9cnica en Espa\u00f1a, ofreciendo resultados naturales y duraderos que transforman vidas.<\/p>\n<p> De Barcelona a toda Espa\u00f1a<\/p>\n<p>\nJose Moraleda inici\u00f3 su trayectoria en la micropigmentaci\u00f3n capilar en Barcelona en 2016, perfeccionando su t\u00e9cnica y ganando reconocimiento en el sector. En 2022, dio un paso m\u00e1s y fund\u00f3 INBLAK en Sabadell, consolidando as\u00ed su proyecto y ampliando su alcance.<\/p>\n<p> La apertura de INBLAK marc\u00f3 un antes y un despu\u00e9s en la regi\u00f3n, popularizando la micropigmentaci\u00f3n capilar y posicionando a Sabadell como un referente en esta t\u00e9cnica. R\u00e1pidamente, la fama de INBLAK trascendi\u00f3 fronteras, y clientes de toda Espa\u00f1a, desde C\u00e1diz a Bilbao, conf\u00edan en la experiencia y el talento de Jose Moraleda para recuperar su confianza y autoestima.<\/p>\n<p> M\u00e1s que puntos: un arte<\/p>\n<p>\nLa micropigmentaci\u00f3n capilar es todo un arte que va m\u00e1s all\u00e1 de la simple realizaci\u00f3n de puntos. Requiere una profunda comprensi\u00f3n de la anatom\u00eda facial, la aplicaci\u00f3n de pigmentos y la t\u00e9cnica empleada. Jose Moraleda, con su experiencia y sensibilidad art\u00edstica, logra resultados hiperrealistas que recrean a la perfecci\u00f3n el efecto rapado.<\/p>\n<p> Como \u00e9l mismo afirma: \u00abCada piel es \u00fanica y requiere un tratamiento personalizado. No se trata solo de imitar el pelo rapado, sino de recrear la tonalidad del cuero cabelludo de forma natural y armoniosa\u00bb. De esta manera, cada tratamiento que se realiza en INBLAK es como una obra de arte personalizada, dise\u00f1ada para satisfacer las necesidades y expectativas de cada cliente.<\/p>\n<p> Experiencia y dedicaci\u00f3n al servicio del cliente<\/p>\n<p>\nCon casi una d\u00e9cada de experiencia en micropigmentaci\u00f3n capilar, Jose Moraleda ha perfeccionado su t\u00e9cnica y se ha convertido en un referente en el sector. Para \u00e9l, la formaci\u00f3n es fundamental, pero es la experiencia con cada cliente lo que realmente marca la diferencia: \u00abNo basta con hacer un curso, la micropigmentaci\u00f3n es un arte que se aprende con la pr\u00e1ctica, con cada cliente y con cada caso\u00bb.<\/p>\n<p> Esta dedicaci\u00f3n se refleja en la relaci\u00f3n de confianza que establece con los clientes desde la primera consulta, basada en la transparencia y la honestidad. En INBLAK, el cliente es el protagonista y la mayor satisfacci\u00f3n de Jose es ver c\u00f3mo la micropigmentaci\u00f3n capilar transforma la vida de las personas: \u00abRecuperan su autoestima, se sienten m\u00e1s seguros y proyectan una imagen m\u00e1s positiva de s\u00ed mismos\u00bb.<\/p>\n<p> Resultados que hablan por s\u00ed solos<\/p>\n<p>\nLas rese\u00f1as en l\u00ednea ofrecen una visi\u00f3n detallada de la experiencia de quienes han confiado en este centro para mejorar su imagen. Los comentarios son un\u00e1nimes en destacar la alta cualificaci\u00f3n de Jose, la atenci\u00f3n personalizada y los resultados obtenidos. Muchos clientes resaltan la confianza que sintieron desde el primer momento, gracias al trato cercano y profesional de Jose. Adem\u00e1s, destacan la mejora en su autoestima y la naturalidad del resultado final, aspectos que han superado sus expectativas.<\/p>\n<p> M\u00e1s all\u00e1 de las cuestiones est\u00e9ticas, los clientes valoran especialmente el ambiente acogedor y relajado que se respira en INBLAK. La sensaci\u00f3n de estar en buenas manos y la tranquilidad que transmite Jose son opiniones recurrentes en los testimonios. Asimismo, muchos clientes destacan la transparencia en el proceso y la claridad en la informaci\u00f3n proporcionada, lo que les permiti\u00f3 tomar una decisi\u00f3n informada antes de realizar el tratamiento.<\/p>\n<p> En definitiva, las opiniones de los clientes de INBLAK dibujan un perfil de un centro donde la calidad del servicio y la satisfacci\u00f3n del cliente son prioridades absolutas. Los resultados hablan por s\u00ed solos, y las numerosas rese\u00f1as positivas avalan la reputaci\u00f3n de INBLAK como uno de los referentes en micropigmentaci\u00f3n capilar en Espa\u00f1a.<\/p>\n<p> Contacto<\/p>\n<p>\nNombre del emisor: INBLAK Micropigmentaci\u00f3n Capilar<\/p>\n<p>\nDescripci\u00f3n de contacto: Gabinete Period\u00edstico<\/p>\n<p>\nEmail de contacto: comunicados@prensaymedios.com<\/p>\n","protected":false},"excerpt":{"rendered":"<p>(Informaci\u00f3n remitida por la empresa firmante) Madrid, 29 de octubre de 2024.- La p\u00e9rdida de pelo, una circunstancia que afecta a millones de personas, puede generar una profunda inseguridad. Sin embargo, existe una soluci\u00f3n que va m\u00e1s all\u00e1 de los tratamientos tradicionales: la micropigmentaci\u00f3n capilar. INBLAK, el centro fundado por Jose Moraleda, ha revolucionado esta [&hellip;]<\/p>\n","protected":false},"author":1,"featured_media":0,"comment_status":"closed","ping_status":"closed","sticky":false,"template":"","format":"standard","meta":{"footnotes":""},"categories":[2],"tags":[],"class_list":["post-56524","post","type-post","status-publish","format-standard","hentry","category-noticias"],"_links":{"self":[{"href":"https:\/\/webciudadana.net\/index.php?rest_route=\/wp\/v2\/posts\/56524","targetHints":{"allow":["GET"]}}],"collection":[{"href":"https:\/\/webciudadana.net\/index.php?rest_route=\/wp\/v2\/posts"}],"about":[{"href":"https:\/\/webciudadana.net\/index.php?rest_route=\/wp\/v2\/types\/post"}],"author":[{"embeddable":true,"href":"https:\/\/webciudadana.net\/index.php?rest_route=\/wp\/v2\/users\/1"}],"replies":[{"embeddable":true,"href":"https:\/\/webciudadana.net\/index.php?rest_route=%2Fwp%2Fv2%2Fcomments&post=56524"}],"version-history":[{"count":0,"href":"https:\/\/webciudadana.net\/index.php?rest_route=\/wp\/v2\/posts\/56524\/revisions"}],"wp:attachment":[{"href":"https:\/\/webciudadana.net\/index.php?rest_route=%2Fwp%2Fv2%2Fmedia&parent=56524"}],"wp:term":[{"taxonomy":"category","embeddable":true,"href":"https:\/\/webciudadana.net\/index.php?rest_route=%2Fwp%2Fv2%2Fcategories&post=56524"},{"taxonomy":"post_tag","embeddable":true,"href":"https:\/\/webciudadana.net\/index.php?rest_route=%2Fwp%2Fv2%2Ftags&post=56524"}],"curies":[{"name":"wp","href":"https:\/\/api.w.org\/{rel}","templated":true}]}}