{"id":56544,"date":"2024-10-29T17:56:25","date_gmt":"2024-10-29T16:56:25","guid":{"rendered":"https:\/\/ticker-noticiasep.microcontenidos.com\/NoticiaRSS.vbhtml?user=FRND562DLP&amp;cod=20241029175625"},"modified":"2024-10-29T17:56:25","modified_gmt":"2024-10-29T16:56:25","slug":"bosch-automobils-analiza-el-regimen-de-etiquetas-medioambientales-y-los-cambios-anticipados","status":"publish","type":"post","link":"https:\/\/webciudadana.net\/?p=56544","title":{"rendered":"Bosch Autom\u00f2bils analiza el r\u00e9gimen de etiquetas medioambientales y los cambios anticipados"},"content":{"rendered":"\n<div><img decoding=\"async\" src=\"https:\/\/img.europapress.es\/fotoweb\/fotonoticia_20241029175625_300.jpg\" class=\"ff-og-image-inserted\"><\/div>\n<p>(Informaci\u00f3n remitida por la empresa firmante)<\/p>\n<p>\nBosch Autom\u00f2bils, un reconocido taller especializado en mantenimiento automotriz ha ofrecido un an\u00e1lisis sobre el r\u00e9gimen actual de las etiquetas medioambientales para veh\u00edculos y los posibles cambios que se est\u00e1n discutiendo en el sector. Estas etiquetas, asignadas seg\u00fan el nivel de emisiones de los veh\u00edculos, juegan un papel crucial en la regulaci\u00f3n de la circulaci\u00f3n en \u00e1reas urbanas con restricciones ambientales<\/p>\n<p>\nMadrid, 29 de octubre de 2024.- El sistema vigente en Espa\u00f1a, que se basa en los est\u00e1ndares de emisiones Euro, ha ayudado a clasificar los veh\u00edculos en funci\u00f3n de su impacto ambiental. Bosch Autom\u00f2bils destaca que este sistema ha sido efectivo para promover la compra de coches menos contaminantes y sensibilizar a los conductores sobre la importancia de reducir las emisiones.<\/p>\n<p> En cuanto a los cambios que se esperan, Bosch Autom\u00f2bils menciona que se podr\u00edan introducir modificaciones para ajustar las categor\u00edas de las etiquetas. Estos cambios apuntar\u00edan a fomentar un mayor uso de veh\u00edculos el\u00e9ctricos e h\u00edbridos, con la posible actualizaci\u00f3n de los criterios para evaluar el impacto real de los coches. Seg\u00fan el taller, este tipo de reformas ayudar\u00eda a Espa\u00f1a a cumplir con sus objetivos de sostenibilidad, aline\u00e1ndose con los compromisos clim\u00e1ticos de la Uni\u00f3n Europea.<\/p>\n<p> \u00abEs esencial que los cambios en el sistema de etiquetas sean claros y equitativos, permitiendo a los conductores adaptarse sin grandes afectaciones, y que los incentivos est\u00e9n bien dise\u00f1ados para fomentar la renovaci\u00f3n del parque automovil\u00edstico\u00bb, se\u00f1al\u00f3 un portavoz de Bosch Autom\u00f2bils.<\/p>\n<p> No obstante, Bosch Autom\u00f2bils subraya la importancia de que estos cambios se implementen de manera gradual, de modo que los propietarios de veh\u00edculos m\u00e1s antiguos no se vean afectados de manera abrupta. Adem\u00e1s, proponen que se establezcan incentivos para la renovaci\u00f3n del parque automovil\u00edstico, lo que permitir\u00eda una transici\u00f3n m\u00e1s justa y eficiente hacia tecnolog\u00edas m\u00e1s limpias.<\/p>\n<p> El taller tambi\u00e9n resalta el papel que desempe\u00f1an las nuevas tecnolog\u00edas, como la inteligencia artificial, en la movilidad y en la medici\u00f3n m\u00e1s precisa de las emisiones. Bosch Autom\u00f2bils ya ha comenzado a prepararse para estas nuevas demandas, adaptando su infraestructura para dar servicio a una mayor variedad de veh\u00edculos, incluidos los el\u00e9ctricos.<\/p>\n<p> En conclusi\u00f3n, Bosch Autom\u00f2bils apoya la evoluci\u00f3n del r\u00e9gimen de etiquetas medioambientales, siempre que se mantenga un equilibrio entre la protecci\u00f3n del medio ambiente y las necesidades de los conductores.<\/p>\n<p> Contacto<\/p>\n<p>\nNombre contacto: Bosch Autom\u00f2bils<\/p>\n<p>\nDescripci\u00f3n contacto: Bosch Autom\u00f2bils<\/p>\n<p>\nTel\u00e9fono de contacto: 937 50 70 00<\/p>\n","protected":false},"excerpt":{"rendered":"<p>(Informaci\u00f3n remitida por la empresa firmante) Bosch Autom\u00f2bils, un reconocido taller especializado en mantenimiento automotriz ha ofrecido un an\u00e1lisis sobre el r\u00e9gimen actual de las etiquetas medioambientales para veh\u00edculos y los posibles cambios que se est\u00e1n discutiendo en el sector. Estas etiquetas, asignadas seg\u00fan el nivel de emisiones de los veh\u00edculos, juegan un papel crucial [&hellip;]<\/p>\n","protected":false},"author":1,"featured_media":0,"comment_status":"closed","ping_status":"closed","sticky":false,"template":"","format":"standard","meta":{"footnotes":""},"categories":[2],"tags":[],"class_list":["post-56544","post","type-post","status-publish","format-standard","hentry","category-noticias"],"_links":{"self":[{"href":"https:\/\/webciudadana.net\/index.php?rest_route=\/wp\/v2\/posts\/56544","targetHints":{"allow":["GET"]}}],"collection":[{"href":"https:\/\/webciudadana.net\/index.php?rest_route=\/wp\/v2\/posts"}],"about":[{"href":"https:\/\/webciudadana.net\/index.php?rest_route=\/wp\/v2\/types\/post"}],"author":[{"embeddable":true,"href":"https:\/\/webciudadana.net\/index.php?rest_route=\/wp\/v2\/users\/1"}],"replies":[{"embeddable":true,"href":"https:\/\/webciudadana.net\/index.php?rest_route=%2Fwp%2Fv2%2Fcomments&post=56544"}],"version-history":[{"count":0,"href":"https:\/\/webciudadana.net\/index.php?rest_route=\/wp\/v2\/posts\/56544\/revisions"}],"wp:attachment":[{"href":"https:\/\/webciudadana.net\/index.php?rest_route=%2Fwp%2Fv2%2Fmedia&parent=56544"}],"wp:term":[{"taxonomy":"category","embeddable":true,"href":"https:\/\/webciudadana.net\/index.php?rest_route=%2Fwp%2Fv2%2Fcategories&post=56544"},{"taxonomy":"post_tag","embeddable":true,"href":"https:\/\/webciudadana.net\/index.php?rest_route=%2Fwp%2Fv2%2Ftags&post=56544"}],"curies":[{"name":"wp","href":"https:\/\/api.w.org\/{rel}","templated":true}]}}