{"id":56551,"date":"2024-10-30T09:17:07","date_gmt":"2024-10-30T08:17:07","guid":{"rendered":"https:\/\/ticker-noticiasep.microcontenidos.com\/NoticiaRSS.vbhtml?user=FRND562DLP&amp;cod=20241030091707"},"modified":"2024-10-30T09:17:07","modified_gmt":"2024-10-30T08:17:07","slug":"mundo-la-exposicion-de-diseno-integral-design-korea-2024-se-celebrara-en-seul-en-noviembre","status":"publish","type":"post","link":"https:\/\/webciudadana.net\/?p=56551","title":{"rendered":"Mundo: La Exposici\u00f3n de Dise\u00f1o Integral &#8216;Design Korea 2024&#8217; se celebrar\u00e1 en Se\u00fal en noviembre"},"content":{"rendered":"\n<div><img decoding=\"async\" src=\"https:\/\/img.europapress.es\/fotoweb\/fotonoticia_20241030091707_300.jpg\" class=\"ff-og-image-inserted\"><\/div>\n<p>(Informaci\u00f3n remitida por la empresa firmante)<\/p>\n<p>\nSE\u00daL, Corea del Sur, 30 de octubre de 2024 \/PRNewswire\/ &#8212; La exposici\u00f3n de dise\u00f1o integral m\u00e1s grande de Corea, \u00abDesign Korea 2024\u00bb, se llevar\u00e1 a cabo del 13 al 17 de noviembre en el COEX Hall D en Se\u00fal.<\/p>\n<p> Organizado por el Ministerio de Comercio, Industria y Energ\u00eda de Corea y organizado por el Instituto Coreano de Promoci\u00f3n del Dise\u00f1o (KIDP), 2024 marca la 22\u00aa edici\u00f3n de Design Korea desde que comenz\u00f3 en 2003. En particular, el evento de este a\u00f1o se llevar\u00e1 a cabo bajo la marca integrada \u00abKorea Design Festival (KDF)\u00bb, que se lanz\u00f3 el a\u00f1o pasado gracias a la colaboraci\u00f3n entre el gobierno coreano, los gobiernos locales y empresas privadas.<\/p>\n<p> Con el tema \u00ab\u00bfC\u00f3mo funciona la IA en nuestra vida cotidiana?\u00bb, el evento Design Korea 2024 presentar\u00e1 la visi\u00f3n futura de la industria del dise\u00f1o en tecnolog\u00eda de IA. Tambi\u00e9n pretende apoyar la creaci\u00f3n de nuevos negocios a trav\u00e9s del networking entre empresas grandes, peque\u00f1as y especializadas de dise\u00f1o.<\/p>\n<p> La exposici\u00f3n tem\u00e1tica se centrar\u00e1 en \u00abLos dise\u00f1adores como jugadores activos\u00bb, compartiendo tendencias de dise\u00f1o y mostrando contenido relacionado. Los visitantes experimentar\u00e1n las actividades de varios actores activos que interact\u00faan con ecosistemas impulsados por IA en cuatro secciones.<\/p>\n<p> En la secci\u00f3n empresarial, aproximadamente 45 empresas, incluidos l\u00edderes de dise\u00f1o y nuevas empresas como Samsung Card, Cebien, Seoul Dairy Cooperative, Sizeofand Pipe &amp; Pipes, promover\u00e1n oportunidades de inversi\u00f3n y creaci\u00f3n de nuevos negocios a trav\u00e9s de conexiones con compradores.<\/p>\n<p> La secci\u00f3n de la feria de empleo ofrecer\u00e1 asesoramiento laboral para j\u00f3venes dise\u00f1adores y proporcionar\u00e1 informaci\u00f3n laboral de posibles empleadores. Tambi\u00e9n habr\u00e1 una muestra que presentar\u00e1 a 20 dise\u00f1adores emergentes.<\/p>\n<p> Una secci\u00f3n especial destacar\u00e1 los logros de los proyectos de dise\u00f1o apoyados por el gobierno y la Conferencia Internacional Design Korea 2024, los expertos discutir\u00e1n las tendencias futuras con un enfoque en la IA y las tecnolog\u00edas emergentes. Los oradores destacados incluyen a Geoff Mulgan, profesor del University College London; Kevin Walker, profesor de la Universidad de Coventry; Kaya Kim, asesora principal del Centro de gesti\u00f3n de dise\u00f1o de LG Electronics; Ovetta Sampson, directora de aprendizaje autom\u00e1tico de experiencia de usuario en Google, y muchos m\u00e1s.<\/p>\n<p> El evento tambi\u00e9n contar\u00e1 con programas paralelos como presentaciones de IR, charlas de dise\u00f1o, sesiones de intercambio de desempe\u00f1o y seminarios de empleo en el Talk Hall.<\/p>\n<p> Doohyun Cho, director general ejecutivo de mejora de capacidad de KIDP, explic\u00f3: \u00abDesign Korea 2024 proporcionar\u00e1 una oportunidad \u00fanica para experimentar directamente contenido diverso que lidera las tendencias en la industria del dise\u00f1o y destaca el papel de los dise\u00f1adores en el ecosistema de IA\u00bb.<\/p>\n<p> M\u00e1s detalles disponibles en la p\u00e1gina web oficial (https:\/\/designkorea.kidp.or.kr).<\/p>\n<p> Foto &#8211; https:\/\/mma.prnewswire.com\/media\/2544152\/1.jpg<\/p>\n<p> View original content to download multimedia:https:\/\/www.prnewswire.com\/news-releases\/la-exposicion-de-diseno-integral-design-korea-2024-se-celebrara-en-seul-en-noviembre-302291264.html<\/p>\n","protected":false},"excerpt":{"rendered":"<p>(Informaci\u00f3n remitida por la empresa firmante) SE\u00daL, Corea del Sur, 30 de octubre de 2024 \/PRNewswire\/ &#8212; La exposici\u00f3n de dise\u00f1o integral m\u00e1s grande de Corea, \u00abDesign Korea 2024\u00bb, se llevar\u00e1 a cabo del 13 al 17 de noviembre en el COEX Hall D en Se\u00fal. Organizado por el Ministerio de Comercio, Industria y Energ\u00eda [&hellip;]<\/p>\n","protected":false},"author":1,"featured_media":0,"comment_status":"closed","ping_status":"closed","sticky":false,"template":"","format":"standard","meta":{"footnotes":""},"categories":[2],"tags":[],"class_list":["post-56551","post","type-post","status-publish","format-standard","hentry","category-noticias"],"_links":{"self":[{"href":"https:\/\/webciudadana.net\/index.php?rest_route=\/wp\/v2\/posts\/56551","targetHints":{"allow":["GET"]}}],"collection":[{"href":"https:\/\/webciudadana.net\/index.php?rest_route=\/wp\/v2\/posts"}],"about":[{"href":"https:\/\/webciudadana.net\/index.php?rest_route=\/wp\/v2\/types\/post"}],"author":[{"embeddable":true,"href":"https:\/\/webciudadana.net\/index.php?rest_route=\/wp\/v2\/users\/1"}],"replies":[{"embeddable":true,"href":"https:\/\/webciudadana.net\/index.php?rest_route=%2Fwp%2Fv2%2Fcomments&post=56551"}],"version-history":[{"count":0,"href":"https:\/\/webciudadana.net\/index.php?rest_route=\/wp\/v2\/posts\/56551\/revisions"}],"wp:attachment":[{"href":"https:\/\/webciudadana.net\/index.php?rest_route=%2Fwp%2Fv2%2Fmedia&parent=56551"}],"wp:term":[{"taxonomy":"category","embeddable":true,"href":"https:\/\/webciudadana.net\/index.php?rest_route=%2Fwp%2Fv2%2Fcategories&post=56551"},{"taxonomy":"post_tag","embeddable":true,"href":"https:\/\/webciudadana.net\/index.php?rest_route=%2Fwp%2Fv2%2Ftags&post=56551"}],"curies":[{"name":"wp","href":"https:\/\/api.w.org\/{rel}","templated":true}]}}