{"id":56552,"date":"2024-10-30T11:26:15","date_gmt":"2024-10-30T10:26:15","guid":{"rendered":"https:\/\/ticker-noticiasep.microcontenidos.com\/NoticiaRSS.vbhtml?user=FRND562DLP&amp;cod=20241030112615"},"modified":"2024-10-30T11:26:15","modified_gmt":"2024-10-30T10:26:15","slug":"sociedad-deusto-salud-resuelve-dudas-sobre-si-la-cosmetica-natural-es-segura-para-el-consumidor","status":"publish","type":"post","link":"https:\/\/webciudadana.net\/?p=56552","title":{"rendered":"Sociedad: Deusto Salud resuelve dudas sobre si la cosm\u00e9tica natural es segura para el consumidor"},"content":{"rendered":"\n<div><img decoding=\"async\" src=\"https:\/\/img.europapress.es\/fotoweb\/fotonoticia_20241030112615_300.jpg\" class=\"ff-og-image-inserted\"><\/div>\n<p>(Informaci\u00f3n remitida por la empresa firmante)<\/p>\n<p>\nGiuliana Carranza, asesora educativa del centro de formaci\u00f3n, se\u00f1ala que \u00abcomo la composici\u00f3n de estos cosm\u00e9ticos es, en un alto porcentaje, de origen natural, dan una mayor sensaci\u00f3n de calidad al consumidor\u00bb<\/p>\n<p>\nMadrid, 30 de octubre de 2024.- El cambio de paradigma del consumismo puro hacia un compromiso medioambiental y el mayor autocuidado ha propiciado que el mercado de la cosm\u00e9tica natural, aquella que utiliza ingredientes sometidos a sencillos procesos de transformaci\u00f3n qu\u00edmica sin aditivos o en cantidades muy peque\u00f1as, haya experimentado un constante crecimiento en los \u00faltimos a\u00f1os. En 2023, por ejemplo, las ventas de cosm\u00e9ticos naturales en Espa\u00f1a alcanzaron los 1.200 millones de euros, representando aproximadamente el 15% del mercado total, seg\u00fan los datos del Instituto Nacional de Estad\u00edstica (INE). No obstante, este tipo de productos siguen generando dudas e inquietudes en algunos sectores de la poblaci\u00f3n.<\/p>\n<p> Giuliana Carranza, asesora educativa del Curso de Cosm\u00e9tica Natural de Deusto Salud, explica algunas claves. Por ejemplo, este aumento en la demanda se debe, en gran medida, a un cambio en el perfil del consumidor, m\u00e1s informado y comprometido con el medioambiente: \u00abComo la composici\u00f3n de estos cosm\u00e9ticos es, en un alto porcentaje, de origen natural, dan una mayor sensaci\u00f3n de seguridad y de calidad al consumidor. A lo que se le a\u00f1ade una producci\u00f3n respetuosa con el medioambiente\u00bb.<\/p>\n<p> Estas ventajas que presenta la cosm\u00e9tica natural se ven reflejadas en las previsiones de crecimiento del sector. De hecho, seg\u00fan un estudio de la consultora Grand View Research, se espera que el tama\u00f1o del mercado mundial de cuidado personal org\u00e1nico alcance los 44,77 mil millones de d\u00f3lares en el a\u00f1o 2030.<\/p>\n<p> Mejor tolerancia con la piel en comparaci\u00f3n con la cosm\u00e9tica tradicional<\/p>\n<p>\nEn cuanto a la composici\u00f3n de estos productos, la experta aclara que, en general, sus ingredientes presentan una mejor tolerancia y afinidad con la piel en comparaci\u00f3n con la cosm\u00e9tica convencional. Sin embargo, advierte sobre la posibilidad de que se produzcan reacciones al\u00e9rgicas en personas con alta sensibilidad a ciertos al\u00e9rgenos, presentes en ambos tipos de productos.<\/p>\n<p> \u00abLos productos de cosm\u00e9tica natural son generalmente bien tolerados por la piel, pero, a pesar de que sus ingredientes proceden de fuentes naturales, pueden no ser del todo inocuos para pieles sensibles y pieles reactivas. En estos casos, es recomendable probar el producto antes de su compra y uso continuo\u00bb, se\u00f1ala Carranza.<\/p>\n<p> La personalizaci\u00f3n de los cosm\u00e9ticos, un elemento clave<\/p>\n<p>\nNo todas las pieles requieren los mismos tratamientos, motivo por el cual es muy importante la personalizaci\u00f3n de los productos, tal y como se\u00f1ala la especialista de Deusto Salud: \u00abLas cremas que se encuentran*en el mercado se basan en las caracter\u00edsticas generales de cada tipo de piel y pueden cubrir necesidades que presentan la mayor parte de la poblaci\u00f3n. Pero cuando la piel, adem\u00e1s, tiene unas necesidades espec\u00edficas, s\u00ed que va a ser recomendable personalizar las cremas\u00bb.<\/p>\n<p> Sin duda, es muy importante conocer las necesidades espec\u00edficas de cada tipo de piel y de cada tipo de cabello. Adem\u00e1s, este campo est\u00e1 al alza en cuanto a empleabilidad. Para enfocar la carrera profesional en este \u00e1rea, formaciones especializadas, como el Curso de Cosm\u00e9tica Natural de Deusto Salud, son muy valiosas a la hora de entender las composiciones y preparaciones de los distintos productos. Adem\u00e1s, permiten ahondar en el potencial de la cosm\u00e9tica marina, arcillas, aceites esenciales y fangos termales, entre otras posibilidades.<\/p>\n<p> Emisor: Deusto Salud<\/p>\n<p>\nContacto<\/p>\n<p>\nNombre contacto: Paula Arrojo<\/p>\n<p>\nDescripci\u00f3n contacto: Consultora en Atrevia<\/p>\n<p>\nTel\u00e9fono de contacto: 667 633 450<\/p>\n","protected":false},"excerpt":{"rendered":"<p>(Informaci\u00f3n remitida por la empresa firmante) Giuliana Carranza, asesora educativa del centro de formaci\u00f3n, se\u00f1ala que \u00abcomo la composici\u00f3n de estos cosm\u00e9ticos es, en un alto porcentaje, de origen natural, dan una mayor sensaci\u00f3n de calidad al consumidor\u00bb Madrid, 30 de octubre de 2024.- El cambio de paradigma del consumismo puro hacia un compromiso medioambiental [&hellip;]<\/p>\n","protected":false},"author":1,"featured_media":0,"comment_status":"closed","ping_status":"closed","sticky":false,"template":"","format":"standard","meta":{"footnotes":""},"categories":[2],"tags":[],"class_list":["post-56552","post","type-post","status-publish","format-standard","hentry","category-noticias"],"_links":{"self":[{"href":"https:\/\/webciudadana.net\/index.php?rest_route=\/wp\/v2\/posts\/56552","targetHints":{"allow":["GET"]}}],"collection":[{"href":"https:\/\/webciudadana.net\/index.php?rest_route=\/wp\/v2\/posts"}],"about":[{"href":"https:\/\/webciudadana.net\/index.php?rest_route=\/wp\/v2\/types\/post"}],"author":[{"embeddable":true,"href":"https:\/\/webciudadana.net\/index.php?rest_route=\/wp\/v2\/users\/1"}],"replies":[{"embeddable":true,"href":"https:\/\/webciudadana.net\/index.php?rest_route=%2Fwp%2Fv2%2Fcomments&post=56552"}],"version-history":[{"count":0,"href":"https:\/\/webciudadana.net\/index.php?rest_route=\/wp\/v2\/posts\/56552\/revisions"}],"wp:attachment":[{"href":"https:\/\/webciudadana.net\/index.php?rest_route=%2Fwp%2Fv2%2Fmedia&parent=56552"}],"wp:term":[{"taxonomy":"category","embeddable":true,"href":"https:\/\/webciudadana.net\/index.php?rest_route=%2Fwp%2Fv2%2Fcategories&post=56552"},{"taxonomy":"post_tag","embeddable":true,"href":"https:\/\/webciudadana.net\/index.php?rest_route=%2Fwp%2Fv2%2Ftags&post=56552"}],"curies":[{"name":"wp","href":"https:\/\/api.w.org\/{rel}","templated":true}]}}