{"id":56583,"date":"2024-10-30T16:58:03","date_gmt":"2024-10-30T15:58:03","guid":{"rendered":"https:\/\/ticker-noticiasep.microcontenidos.com\/NoticiaRSS.vbhtml?user=FRND562DLP&amp;cod=20241030165803"},"modified":"2024-10-30T16:58:03","modified_gmt":"2024-10-30T15:58:03","slug":"sociedad-ceoma-lamenta-las-victimas-mortales-causadas-por-la-dana-y-expresa-su-apoyo-a-familiares-y-afectados-madrid","status":"publish","type":"post","link":"https:\/\/webciudadana.net\/?p=56583","title":{"rendered":"Sociedad: CEOMA lamenta las v\u00edctimas mortales causadas por la DANA y expresa su apoyo a familiares y afectados Madrid"},"content":{"rendered":"\n<p>(Informaci\u00f3n remitida por la empresa firmante)<\/p>\n<p> Madrid, 31 de octubre de 2024.- La Confederaci\u00f3n Espa\u00f1ola de Organizaciones de Mayores (CEOMA) ha lamentado hoy la muerte de m\u00e1s de 60 personas a causa del temporal y de las graves inundaciones que afectan desde ayer a la Comunidad Valenciana, Castilla-La Mancha, Andaluc\u00eda o Arag\u00f3n.<\/p>\n<p> El presidente de la organizaci\u00f3n, Jos\u00e9 Luis Fern\u00e1ndez Santillana, ha expresado sus condolencias a los familiares de las v\u00edctimas y ha querido trasladar el apoyo de CEOMA a todos los afectados por este fen\u00f3meno meteorol\u00f3gico extremo, que tambi\u00e9n ha provocado decenas de desaparecidos.<\/p>\n<p> Fern\u00e1ndez Santillana ha querido recordar especialmente a las personas que fallecieron en una residencia de mayores en Valencia, donde los servicios de emergencia pudieron rescatar con vida s\u00f3lo a algunos de los residentes. Tambi\u00e9n ha explicado que otras residencias han tenido que ser desalojadas y muchas personas han sido reubicadas en otros centros.<\/p>\n<p> CEOMA cuenta, entre sus miembros asociados, con la Federaci\u00f3n de Organizaciones de Mayores de la Comunidad Valenciana (FOMCOVA), a quien ha trasladado su solidaridad y apoyo tras los efectos devastadores de la DANA en esta comunidad. Confederaci\u00f3n Espa\u00f1ola de Organizaciones de Mayores CEOMA es una entidad sin \u00e1nimo de lucro creada para la defensa de los derechos de las personas mayores. Representa a 26 organizaciones de mayores de las distintas Comunidades Aut\u00f3nomas, con m\u00e1s de 800.000 socios de base y m\u00e1s de 1.500 Asociaciones.<\/p>\n<p> M\u00e1s informaci\u00f3n: www.CEOMA.org<\/p>\n<p>\nCelia Moreno Garrido Coordinadora General Responsable de Comunicaci\u00f3n e Imagen Institucional celiamoreno@CEOMA.org C\/ Fernando el Cat\u00f3lico, 10 &#8211; Local 7 28015 MADRID M\u00f3vil: 626 170 705 Tel.: 91 557 25 56 Isana Navarro Europa Press Comunicaci\u00f3n isananavarro@europapress.es 600 90 55 65<\/p>\n","protected":false},"excerpt":{"rendered":"<p>(Informaci\u00f3n remitida por la empresa firmante) Madrid, 31 de octubre de 2024.- La Confederaci\u00f3n Espa\u00f1ola de Organizaciones de Mayores (CEOMA) ha lamentado hoy la muerte de m\u00e1s de 60 personas a causa del temporal y de las graves inundaciones que afectan desde ayer a la Comunidad Valenciana, Castilla-La Mancha, Andaluc\u00eda o Arag\u00f3n. El presidente de [&hellip;]<\/p>\n","protected":false},"author":1,"featured_media":0,"comment_status":"closed","ping_status":"closed","sticky":false,"template":"","format":"standard","meta":{"footnotes":""},"categories":[2],"tags":[],"class_list":["post-56583","post","type-post","status-publish","format-standard","hentry","category-noticias"],"_links":{"self":[{"href":"https:\/\/webciudadana.net\/index.php?rest_route=\/wp\/v2\/posts\/56583","targetHints":{"allow":["GET"]}}],"collection":[{"href":"https:\/\/webciudadana.net\/index.php?rest_route=\/wp\/v2\/posts"}],"about":[{"href":"https:\/\/webciudadana.net\/index.php?rest_route=\/wp\/v2\/types\/post"}],"author":[{"embeddable":true,"href":"https:\/\/webciudadana.net\/index.php?rest_route=\/wp\/v2\/users\/1"}],"replies":[{"embeddable":true,"href":"https:\/\/webciudadana.net\/index.php?rest_route=%2Fwp%2Fv2%2Fcomments&post=56583"}],"version-history":[{"count":0,"href":"https:\/\/webciudadana.net\/index.php?rest_route=\/wp\/v2\/posts\/56583\/revisions"}],"wp:attachment":[{"href":"https:\/\/webciudadana.net\/index.php?rest_route=%2Fwp%2Fv2%2Fmedia&parent=56583"}],"wp:term":[{"taxonomy":"category","embeddable":true,"href":"https:\/\/webciudadana.net\/index.php?rest_route=%2Fwp%2Fv2%2Fcategories&post=56583"},{"taxonomy":"post_tag","embeddable":true,"href":"https:\/\/webciudadana.net\/index.php?rest_route=%2Fwp%2Fv2%2Ftags&post=56583"}],"curies":[{"name":"wp","href":"https:\/\/api.w.org\/{rel}","templated":true}]}}