{"id":56591,"date":"2024-10-30T17:06:16","date_gmt":"2024-10-30T16:06:16","guid":{"rendered":"https:\/\/ticker-noticiasep.microcontenidos.com\/NoticiaRSS.vbhtml?user=FRND562DLP&amp;cod=20241030170616"},"modified":"2024-10-30T17:06:16","modified_gmt":"2024-10-30T16:06:16","slug":"elevall-patenta-la-primera-grua-que-permite-elevar-cargas-en-zonas-urbanas-sin-cortar-calles","status":"publish","type":"post","link":"https:\/\/webciudadana.net\/?p=56591","title":{"rendered":"Elevall patenta la primera gr\u00faa que permite elevar cargas en zonas urbanas sin cortar calles"},"content":{"rendered":"\n<div><img decoding=\"async\" src=\"https:\/\/img.europapress.es\/fotoweb\/fotonoticia_20241030170616_300.jpg\" class=\"ff-og-image-inserted\"><\/div>\n<p>(Informaci\u00f3n remitida por la empresa firmante)<\/p>\n<p>\nLa compa\u00f1\u00eda, con sede en Sueca (Valencia), ya cuenta con distribuidores en Estados Unidos, Reino Unido, Suecia, Noruega, Portugal, Alemania, Polonia, Rep. Checa, Italia, Turqu\u00eda, Colombia, Francia, Nueva Zelanda, adem\u00e1s de en Espa\u00f1a.<\/p>\n<p> Se trata de la primera gr\u00faa plegable, que minimiza los riesgos laborales y el impacto medioambiental, y facilita el traslado de cargas sin necesidad de realizar tr\u00e1mites burocr\u00e1ticos por el cortado de calles.<\/p>\n<p> Modelo Elevall* EK400, \u00fanico en el mundo con capacidad de 30 pisos de elevaci\u00f3n.<\/p>\n<p> Elevall prev\u00e9 llegar a producir 300\/400 unidades anuales cuando la planta est\u00e9 a pleno rendimiento.<\/p>\n<p> Valencia, 30 de octubre de 2024.-La empresa valenciana Elevall ha patentado la primera gr\u00faa plegable capaz de elevar cargas de hasta 400&nbsp;kg y a una altura de 100 metros de manera sostenible con su modelo EK400. Denominada Elevall Smart Crane System, se trata de una gr\u00faa plegable que permite subir grandes vol\u00famenes (muebles, ventanas, toldos, etc.) con la asistencia de una o dos personas, minimizando los riesgos laborales por lesiones, el impacto medioambiental y los tr\u00e1mites burocr\u00e1ticos, al no precisar el cortado de calles.<\/p>\n<p> El proyecto surge del emprendedor Agust\u00edn Blasco, que detecta en la empresa familiar Toldos Blasco la necesidad de poner soluci\u00f3n al problema de subir materiales voluminosos a pisos altos. \u00abHasta ahora las \u00fanicas alternativas eran tirar de cuerdas por la fachada a la fuerza, subir por las escaleras o contratar un cami\u00f3n gr\u00faa, que implica subcontratar a otra empresa, tramitar y lograr el permiso para cortar las calles\u00bb, explica Blasco.<\/p>\n<p> Para superar estos obst\u00e1culos, inici\u00f3 un proceso de investigaci\u00f3n y desarrollo que finaliz\u00f3 en abril de 2023 con la creaci\u00f3n de la empresa Elevall Gr\u00faas y la patente internacional Elevall Smart Crane. Este proceso, ya est\u00e1 teniendo retorno porque ha alcanzado acuerdos de distribuci\u00f3n con las empresas Foster Cranes (Reino Unido), PremaQ (Portugal), Doria Inc (Estados Unidos), Ertek Cam(Turqu\u00eda) y AnkCranes para Suecia y Noruega, (Uplifter en Alemania, Polonia y Rep. Checa), Sollevapractico (Italia), Colombia (Cem Elevadores), MottoElevati\u00f2n(Francia), Stratalign(Nueva Zelanda ), en Espa\u00f1a venden directamente y tambi\u00e9n a trav\u00e9s de distribuidores en Baleares, Pa\u00eds Vasco y Madrid.<\/p>\n<p> El objetivo de Elevall es duplicar la facturaci\u00f3n en el segundo a\u00f1o completo de actividad. Actualmente, Elevall* realiza la fabricaci\u00f3n de su maquinaria \u00edntegramente en Espa\u00f1a, en su planta ubicada en Sueca (Valencia) que cuenta con una capacidad de producci\u00f3n de 100 unidades al a\u00f1o. La intenci\u00f3n de la empresa es ir elevando esta producci\u00f3n hasta llegar a las 300\/400 unidades anuales, gracias a procesos de automatizaci\u00f3n.<\/p>\n<p> \u00abEl producto est\u00e1 teniendo muy buena acogida y tenemos ya pr\u00e1cticamente la mitad de la producci\u00f3n del primer a\u00f1o contratada. Empresas de estructuras de aluminio, de cristales para ventanas, de toldos&#8230; y en general de materiales de m\u00e1s de 2,3 metros de longitud son nuestros principales clientes actuales y potenciales\u00bb, explica Agust\u00edn Blasco.\u00bbHemos logrado dar soluci\u00f3n a un problema que tienen todas las empresas de instalaci\u00f3n de grandes vol\u00famenes. Mi padre siempre me ha dicho: Si no existe, lo inventamos, dando as\u00ed servicio a cualquier tipo de cliente o situaci\u00f3n. Y eso hemos hecho\u00bb, concluye Blasco.<\/p>\n<p> Contacto<\/p>\n<p>\nNombre de emisor: ELEVALL GRUAS SLU<\/p>\n<p>\nDescripci\u00f3n de contacto: Gabinete Period\u00edstico<\/p>\n<p>\nEmail de contacto: comunicados@prensaymedios.com<\/p>\n","protected":false},"excerpt":{"rendered":"<p>(Informaci\u00f3n remitida por la empresa firmante) La compa\u00f1\u00eda, con sede en Sueca (Valencia), ya cuenta con distribuidores en Estados Unidos, Reino Unido, Suecia, Noruega, Portugal, Alemania, Polonia, Rep. Checa, Italia, Turqu\u00eda, Colombia, Francia, Nueva Zelanda, adem\u00e1s de en Espa\u00f1a. Se trata de la primera gr\u00faa plegable, que minimiza los riesgos laborales y el impacto medioambiental, [&hellip;]<\/p>\n","protected":false},"author":1,"featured_media":0,"comment_status":"closed","ping_status":"closed","sticky":false,"template":"","format":"standard","meta":{"footnotes":""},"categories":[2],"tags":[],"class_list":["post-56591","post","type-post","status-publish","format-standard","hentry","category-noticias"],"_links":{"self":[{"href":"https:\/\/webciudadana.net\/index.php?rest_route=\/wp\/v2\/posts\/56591","targetHints":{"allow":["GET"]}}],"collection":[{"href":"https:\/\/webciudadana.net\/index.php?rest_route=\/wp\/v2\/posts"}],"about":[{"href":"https:\/\/webciudadana.net\/index.php?rest_route=\/wp\/v2\/types\/post"}],"author":[{"embeddable":true,"href":"https:\/\/webciudadana.net\/index.php?rest_route=\/wp\/v2\/users\/1"}],"replies":[{"embeddable":true,"href":"https:\/\/webciudadana.net\/index.php?rest_route=%2Fwp%2Fv2%2Fcomments&post=56591"}],"version-history":[{"count":0,"href":"https:\/\/webciudadana.net\/index.php?rest_route=\/wp\/v2\/posts\/56591\/revisions"}],"wp:attachment":[{"href":"https:\/\/webciudadana.net\/index.php?rest_route=%2Fwp%2Fv2%2Fmedia&parent=56591"}],"wp:term":[{"taxonomy":"category","embeddable":true,"href":"https:\/\/webciudadana.net\/index.php?rest_route=%2Fwp%2Fv2%2Fcategories&post=56591"},{"taxonomy":"post_tag","embeddable":true,"href":"https:\/\/webciudadana.net\/index.php?rest_route=%2Fwp%2Fv2%2Ftags&post=56591"}],"curies":[{"name":"wp","href":"https:\/\/api.w.org\/{rel}","templated":true}]}}