{"id":56593,"date":"2024-10-30T19:49:43","date_gmt":"2024-10-30T18:49:43","guid":{"rendered":"https:\/\/ticker-noticiasep.microcontenidos.com\/NoticiaRSS.vbhtml?user=FRND562DLP&amp;cod=20241030194943"},"modified":"2024-10-30T19:49:43","modified_gmt":"2024-10-30T18:49:43","slug":"mundo-sermatec-y-upsolar-unen-fuerzas-para-acelerar-la-transicion-energetica-en-grecia","status":"publish","type":"post","link":"https:\/\/webciudadana.net\/?p=56593","title":{"rendered":"Mundo: Sermatec y Upsolar unen fuerzas para acelerar la transici\u00f3n energ\u00e9tica en Grecia"},"content":{"rendered":"\n<div><img decoding=\"async\" src=\"https:\/\/img.europapress.es\/fotoweb\/fotonoticia_20241030194943_300.jpg\" class=\"ff-og-image-inserted\"><\/div>\n<p>(Informaci\u00f3n remitida por la empresa firmante)<\/p>\n<p>\nSHANGHAI, 30 de octubre, 2024 \/PRNewswire\/ &#8212; En el marco del desarrollo global verde y con bajas emisiones de carbono, Grecia se ha marcado como objetivo aumentar la proporci\u00f3n de energ\u00eda renovable en el consumo total de energ\u00eda del 66 al 82 % para 2030. Con el r\u00e1pido crecimiento de la capacidad instalada de energ\u00eda renovable de Grecia, tambi\u00e9n aumentar\u00e1 la demanda de sistemas de almacenamiento de energ\u00eda que puedan absorber y liberar energ\u00eda el\u00e9ctrica de manera eficaz, lo que proporcionar\u00e1 un amplio espacio para la cooperaci\u00f3n entre Sermatec y Upsolar en la regi\u00f3n.<\/p>\n<p> Sermatec y Upsolar forman una s\u00f3lida alianza<\/p>\n<p>\nSermatec, fundada en 2017, es un operador de digitalizaci\u00f3n energ\u00e9tica centrado en el \u00abalmacenamiento de energ\u00eda como n\u00facleo\u00bb. Es un fabricante global de almacenamiento de energ\u00eda de nivel 1 certificado por BNEF durante cuatro trimestres consecutivos en 2024. Si bien es l\u00edder en el campo del almacenamiento de energ\u00eda, Sermatec utiliza tecnolog\u00edas de vanguardia como la digitalizaci\u00f3n, las transacciones de plantas de energ\u00eda virtuales y la gesti\u00f3n del carbono para demostrar excelentes capacidades de operaci\u00f3n energ\u00e9tica.<\/p>\n<p> Fundada en 2009, Upsolar Grecia es el representante comercial oficial de la marca internacional Upsolar en Grecia y la regi\u00f3n de los Balcanes circundantes. La empresa ha entregado con \u00e9xito m\u00e1s de 1 GW de componentes fotovoltaicos en los mercados de Grecia y los Balcanes circundantes. Upsolar Grecia cuenta con un equipo de profesionales de alto nivel con profundos conocimientos y experiencia en el campo fotovoltaico. Los miembros del equipo son expertos en tecnolog\u00eda solar y se centran continuamente en las \u00faltimas innovaciones en soluciones de almacenamiento de energ\u00eda. Esta experiencia permite a Upsolar Hellas proporcionar a los clientes sistemas solares de primer nivel fiables, eficientes y econ\u00f3micos, que cubren las necesidades de energ\u00eda sostenible del mercado local.<\/p>\n<p> Wang Jianpeng, consejero delegado de Sermatec, afirm\u00f3: \u00abEsta colaboraci\u00f3n aprovechar\u00e1 al m\u00e1ximo nuestras respectivas fortalezas en almacenamiento de energ\u00eda y energ\u00eda fotovoltaica para ofrecer soluciones energ\u00e9ticas m\u00e1s inteligentes y eficientes para la regi\u00f3n de los Balcanes\u00bb.<\/p>\n<p> Ioannis Markatatos, director general de Upsolar para Oriente Medio, el norte de \u00c1frica y los Balcanes, destac\u00f3 la adecuaci\u00f3n estrat\u00e9gica: \u00abEstamos encantados de asociarnos con Sermatec, una empresa l\u00edder en almacenamiento de energ\u00eda, para ofrecer a nuestros clientes soluciones integrales de energ\u00eda limpia. Esta alianza fortalece a\u00fan m\u00e1s nuestra l\u00ednea de productos y contribuye a la transici\u00f3n energ\u00e9tica de Grecia\u00bb.<\/p>\n<p> La cooperaci\u00f3n entre las dos partes en Grecia y sus alrededores aprovechar\u00e1 al m\u00e1ximo sus respectivas ventajas, no solo brindando un fuerte apoyo a la transici\u00f3n energ\u00e9tica de Grecia, sino tambi\u00e9n brindando conjuntamente a Grecia una soluci\u00f3n integrada que combina la generaci\u00f3n de energ\u00eda fotovoltaica, el almacenamiento de energ\u00eda y la gesti\u00f3n inteligente. Tambi\u00e9n establecer\u00e1 un nuevo punto de referencia para el desarrollo de la industria mundial del almacenamiento de energ\u00eda.<\/p>\n<p> Foto &#8211; https:\/\/mma.prnewswire.com\/media\/2544335\/UP______1.jpg<\/p>\n<p> View original content:https:\/\/www.prnewswire.com\/news-releases\/sermatec-y-upsolar-unen-fuerzas-para-acelerar-la-transicion-energetica-en-grecia-302291954.html<\/p>\n","protected":false},"excerpt":{"rendered":"<p>(Informaci\u00f3n remitida por la empresa firmante) SHANGHAI, 30 de octubre, 2024 \/PRNewswire\/ &#8212; En el marco del desarrollo global verde y con bajas emisiones de carbono, Grecia se ha marcado como objetivo aumentar la proporci\u00f3n de energ\u00eda renovable en el consumo total de energ\u00eda del 66 al 82 % para 2030. Con el r\u00e1pido crecimiento [&hellip;]<\/p>\n","protected":false},"author":1,"featured_media":0,"comment_status":"closed","ping_status":"closed","sticky":false,"template":"","format":"standard","meta":{"footnotes":""},"categories":[2],"tags":[],"class_list":["post-56593","post","type-post","status-publish","format-standard","hentry","category-noticias"],"_links":{"self":[{"href":"https:\/\/webciudadana.net\/index.php?rest_route=\/wp\/v2\/posts\/56593","targetHints":{"allow":["GET"]}}],"collection":[{"href":"https:\/\/webciudadana.net\/index.php?rest_route=\/wp\/v2\/posts"}],"about":[{"href":"https:\/\/webciudadana.net\/index.php?rest_route=\/wp\/v2\/types\/post"}],"author":[{"embeddable":true,"href":"https:\/\/webciudadana.net\/index.php?rest_route=\/wp\/v2\/users\/1"}],"replies":[{"embeddable":true,"href":"https:\/\/webciudadana.net\/index.php?rest_route=%2Fwp%2Fv2%2Fcomments&post=56593"}],"version-history":[{"count":0,"href":"https:\/\/webciudadana.net\/index.php?rest_route=\/wp\/v2\/posts\/56593\/revisions"}],"wp:attachment":[{"href":"https:\/\/webciudadana.net\/index.php?rest_route=%2Fwp%2Fv2%2Fmedia&parent=56593"}],"wp:term":[{"taxonomy":"category","embeddable":true,"href":"https:\/\/webciudadana.net\/index.php?rest_route=%2Fwp%2Fv2%2Fcategories&post=56593"},{"taxonomy":"post_tag","embeddable":true,"href":"https:\/\/webciudadana.net\/index.php?rest_route=%2Fwp%2Fv2%2Ftags&post=56593"}],"curies":[{"name":"wp","href":"https:\/\/api.w.org\/{rel}","templated":true}]}}