{"id":56629,"date":"2024-10-31T15:52:48","date_gmt":"2024-10-31T14:52:48","guid":{"rendered":"https:\/\/ticker-noticiasep.microcontenidos.com\/NoticiaRSS.vbhtml?user=FRND562DLP&amp;cod=20241031155248"},"modified":"2024-10-31T15:52:48","modified_gmt":"2024-10-31T14:52:48","slug":"sociedad-dos-miembros-de-la-aess-storemore-y-alkila-trasteros-premiados-en-los-fedessa-industry-awards-2024","status":"publish","type":"post","link":"https:\/\/webciudadana.net\/?p=56629","title":{"rendered":"Sociedad: Dos miembros de la AESS, Storemore y Alkila Trasteros, premiados en los FEDESSA Industry Awards 2024"},"content":{"rendered":"\n<div><img decoding=\"async\" src=\"https:\/\/img.europapress.es\/fotoweb\/fotonoticia_20241031155248_300.jpg\" class=\"ff-og-image-inserted\"><\/div>\n<p>(Informaci\u00f3n remitida por la empresa firmante)<\/p>\n<p>\nEspa\u00f1a es el pa\u00eds con mayor n\u00famero de representantes y premios obtenidos en el Congreso Europeo de FEDESSA celebrado en Estocolmo<\/p>\n<p>\nMadrid, 31 de octubre de 2024.- La Asociaci\u00f3n Espa\u00f1ola de Self Storage (AESS) celebra el reconocimiento de dos de sus miembros en los prestigiosos FEDESSA Industry Awards 2024, que premian la excelencia y la innovaci\u00f3n en el sector del Self Storage en Europa. La ceremonia, que tuvo lugar durante el congreso anual de la Federaci\u00f3n Europea de Asociaciones de Self Storage (FEDESSA) en Estocolmo, destac\u00f3 el creciente protagonismo de las empresas espa\u00f1olas en un mercado en expansi\u00f3n y cada vez m\u00e1s competitivo. Con un notable n\u00famero de representantes y galardones obtenidos, Espa\u00f1a se consolida como un referente europeo en el sector, impulsando la innovaci\u00f3n en sostenibilidad, gesti\u00f3n y crecimiento.<\/p>\n<p> FEDESSA Industry Awards 2024<\/p>\n<p>\nDos socios de AESS fueron galardonados durante la ceremonia. En primer lugar, la empresa Storemore fue protagonista con dos primeros premios:<\/p>\n<p>\n\u00b7**Independent Store of the Year: El centro de Storemore en Carabanchel fue elegido como el mejor de Europa, destacando su excelencia operativa y un enfoque centrado en el cliente.<\/p>\n<p>\n\u00b7**Sustainability: El centro de Storemore en M\u00f3stoles se convirti\u00f3 en el primero en Espa\u00f1a en obtener la certificaci\u00f3n BREEAM* Espa\u00f1a Excellent, gracias a su compromiso con la sostenibilidad y el uso eficiente de recursos.<\/p>\n<p> Adem\u00e1s, Storemore logr\u00f3 dos segundos puestos:<\/p>\n<p>\n\u00b7**Manager of the Year: La store manager Ana Carpintero Santos fue galardonada por su liderazgo y capacidad para gestionar operaciones de manera sobresaliente.<\/p>\n<p>\n\u00b7**Conversion of the Year: El centro de Storemore en Ciudad Lineal fue premiado por su destacada capacidad de renovaci\u00f3n y modernizaci\u00f3n.<\/p>\n<p> Por otro lado, Alkila Trasteros tambi\u00e9n fue premiado con un primer puesto en la categor\u00eda Manager of the Year, en la que Gabriela N\u00fa\u00f1ez fue reconocida como la mejor manager de Europa, lo que refleja su habilidad para liderar el crecimiento de su centro.<\/p>\n<p> Necesito un Trastero, socio operador de AESS, qued\u00f3 finalista en la categor\u00eda de Expansi\u00f3n del A\u00f1o, despu\u00e9s de haber logrado un impresionante crecimiento en los \u00faltimos 18 meses.<\/p>\n<p> Asimismo, Universal Self Storage, proveedor de AESS fue galardonado con el tercer premio en la categor\u00eda de Innovaci\u00f3n por su innovador sistema de contenedores plegables que permite reducir las emisiones en un 90% durante el transporte ofreciendo soluciones de almacenamiento completamente neutrales en carbono. Le sigue como finalista en esta categor\u00eda, por segundo a\u00f1o consecutivo, Puertas S\u00e1nchez gracias a su sistema de estanter\u00edas modulares \u00abOptimus\u00bb.<\/p>\n<p> En palabras de Sole Mart\u00ednez, gerente de la AESS, \u00abes un orgullo ver c\u00f3mo las empresas espa\u00f1olas est\u00e1n marcando la diferencia en el sector del Self Storage en Europa. Los \u00e9xitos de todas ellas demuestran el gran trabajo que se est\u00e1 haciendo desde Espa\u00f1a, donde la innovaci\u00f3n, la sostenibilidad y la excelencia en la gesti\u00f3n son clave para el crecimiento de este mercado\u00bb. Y a\u00f1ade: \u00abEstos reconocimientos no solo validan los esfuerzos de estas compa\u00f1\u00edas, sino que tambi\u00e9n refuerzan la posici\u00f3n de Espa\u00f1a como un referente en el \u00e1mbito del Self Storage. Seguiremos apoyando a los asociados para que contin\u00faen liderando con \u00e9xito este mercado en constante evoluci\u00f3n\u00bb.<\/p>\n<p> 17\u00ba Congreso y Feria de Proveedores<\/p>\n<p>\nEl buen momento que vive el sector en Espa\u00f1a se reflejar\u00e1 tambi\u00e9n en el 17\u00ba Congreso y Feria de Proveedores de AESS, organizado por la AESS en colaboraci\u00f3n con FEDESSA. Los d\u00edas 12 y 13 de marzo de 2025, el Hotel Puerta Am\u00e9rica en Madrid ser\u00e1 el escenario de este evento clave, que reunir\u00e1 a m\u00e1s de una veintena de proveedores de Espa\u00f1a, Europa y Am\u00e9rica para debatir las tendencias que est\u00e1n transformando el Self Storage.<\/p>\n<p> Adem\u00e1s de la feria, durante estos dos d\u00edas se realizar\u00e1 un tour por diferentes centros punteros de la capital y alrededores y se contar\u00e1 con la presencia de expertos oradores, nacionales e internacionales, que compartir\u00e1n temas de actualidad. Adem\u00e1s, los participantes podr\u00e1n conocer de primera mano a sus competidores m\u00e1s cercanos en una cena de networking.<\/p>\n<p> Se puede obtener m\u00e1s informaci\u00f3n sobre el evento en esta p\u00e1gina web<\/p>\n<p>\nAcerca de AESS<\/p>\n<p>\nLa Asociaci\u00f3n Espa\u00f1ola de Self Storage (AESS) es la \u00fanica asociaci\u00f3n oficial en Espa\u00f1a y es miembro de FEDESSA (Federaci\u00f3n Europea de Asociaciones de Self Storage). Su objetivo principal es unificar la visi\u00f3n del sector del Self Storage a trav\u00e9s de todos los agentes involucrados (operadores, proveedores, inversores) informando e incrementando la notoriedad p\u00fablica de este sector. Re\u00fane tanto a grandes operadores como a peque\u00f1os, que ofrecen soluciones de autoalmacenaje a particulares y empresas, cumpliendo con un estricto c\u00f3digo deontol\u00f3gico y garantizando un servicio de calidad al cliente final, adem\u00e1s de velar por la salud del sector.<\/p>\n<p> Contacto<\/p>\n<p>\nNombre contacto: Rafael Alcaraz<\/p>\n<p>\nDescripci\u00f3n contacto: Intro Iberica\/Director de Cuentas<\/p>\n<p>\nTel\u00e9fono de contacto: 692584966<\/p>\n","protected":false},"excerpt":{"rendered":"<p>(Informaci\u00f3n remitida por la empresa firmante) Espa\u00f1a es el pa\u00eds con mayor n\u00famero de representantes y premios obtenidos en el Congreso Europeo de FEDESSA celebrado en Estocolmo Madrid, 31 de octubre de 2024.- La Asociaci\u00f3n Espa\u00f1ola de Self Storage (AESS) celebra el reconocimiento de dos de sus miembros en los prestigiosos FEDESSA Industry Awards 2024, [&hellip;]<\/p>\n","protected":false},"author":1,"featured_media":0,"comment_status":"closed","ping_status":"closed","sticky":false,"template":"","format":"standard","meta":{"footnotes":""},"categories":[2],"tags":[],"class_list":["post-56629","post","type-post","status-publish","format-standard","hentry","category-noticias"],"_links":{"self":[{"href":"https:\/\/webciudadana.net\/index.php?rest_route=\/wp\/v2\/posts\/56629","targetHints":{"allow":["GET"]}}],"collection":[{"href":"https:\/\/webciudadana.net\/index.php?rest_route=\/wp\/v2\/posts"}],"about":[{"href":"https:\/\/webciudadana.net\/index.php?rest_route=\/wp\/v2\/types\/post"}],"author":[{"embeddable":true,"href":"https:\/\/webciudadana.net\/index.php?rest_route=\/wp\/v2\/users\/1"}],"replies":[{"embeddable":true,"href":"https:\/\/webciudadana.net\/index.php?rest_route=%2Fwp%2Fv2%2Fcomments&post=56629"}],"version-history":[{"count":0,"href":"https:\/\/webciudadana.net\/index.php?rest_route=\/wp\/v2\/posts\/56629\/revisions"}],"wp:attachment":[{"href":"https:\/\/webciudadana.net\/index.php?rest_route=%2Fwp%2Fv2%2Fmedia&parent=56629"}],"wp:term":[{"taxonomy":"category","embeddable":true,"href":"https:\/\/webciudadana.net\/index.php?rest_route=%2Fwp%2Fv2%2Fcategories&post=56629"},{"taxonomy":"post_tag","embeddable":true,"href":"https:\/\/webciudadana.net\/index.php?rest_route=%2Fwp%2Fv2%2Ftags&post=56629"}],"curies":[{"name":"wp","href":"https:\/\/api.w.org\/{rel}","templated":true}]}}