{"id":56670,"date":"2024-11-04T11:35:17","date_gmt":"2024-11-04T10:35:17","guid":{"rendered":"https:\/\/ticker-noticiasep.microcontenidos.com\/NoticiaRSS.vbhtml?user=FRND562DLP&amp;cod=20241104113517"},"modified":"2024-11-04T11:35:17","modified_gmt":"2024-11-04T10:35:17","slug":"sociedad-la-feria-meat-xperience-cierra-su-primera-edicion-con-mas-de-4-000-visitantes-superando-las-previsiones","status":"publish","type":"post","link":"https:\/\/webciudadana.net\/?p=56670","title":{"rendered":"Sociedad: La feria MEAT XPERIENCE cierra su primera edici\u00f3n con m\u00e1s de 4.000 visitantes, superando las previsiones"},"content":{"rendered":"\n<div><img decoding=\"async\" src=\"https:\/\/img.europapress.es\/fotoweb\/fotonoticia_20241104113517_300.jpg\" class=\"ff-og-image-inserted\"><\/div>\n<p>(Informaci\u00f3n remitida por la empresa firmante)<\/p>\n<p>\nLa cita de los carniceros, charcuteros y polleros viene para quedarse. En las pr\u00f3ximas semanas se anunciar\u00e1 fecha para la segunda edici\u00f3n. La primera edici\u00f3n de MEAT XPERIENCE, celebrada el 27 y 28 de octubre en La Farga de L&#8217;Hospitalet, ha superado las expectativas al recibir m\u00e1s de 4.000 visitantes<\/p>\n<p>\nBarcelona, 4 de noviembre de 2024.- Este evento, que ha sido organizado por la agencia*Impacta Group*e impulsado por la*Federaci\u00f3 Catalana de Carnissers i Xarcuters-Cansaladers*y*GremiCarn, con el apoyo de asociaciones nacionales como*Anafric*y*Cedecarne, entre otras entidades, ha cumplido sus objetivos de dinamizar el sector y promover la colaboraci\u00f3n entre profesionales del comercio especializado en carnes.<\/p>\n<p> As\u00ed lo ha explicado*Jorge Mart\u00edn, director de la feria, que ha subrayado la relevancia del evento para el crecimiento de las carnicer\u00edas, charcuter\u00edas y poller\u00edas: \u00abMEAT XPERIENCE ha demostrado ser un punto de encuentro vital para la innovaci\u00f3n en el sector. Esperamos que la pr\u00f3xima edici\u00f3n*siga consolidando este espacio \u00fanico\u00bb.<\/p>\n<p> Entre las actividades destacadas, la exhibici\u00f3n de la*Selecci\u00f3n Espa\u00f1ola de Carniceros, celebrada el 28 de octubre, fue un gran \u00e9xito. Los asistentes pudieron observar en directo las t\u00e9cnicas de los profesionales que representar\u00e1n a Espa\u00f1a en el pr\u00f3ximo World Butchers&#8217; Challenge en Par\u00eds en 2025. Adem\u00e1s, se llevaron a cabo demostraciones en los stands de m\u00e1s de*60 expositores y 250 marcas, presentando las \u00faltimas innovaciones y productos de alta calidad para el sector de carnicer\u00edas, charcuter\u00edas y poller\u00edas.<\/p>\n<p> La feria fue inaugurada con la presencia de*Marta Angerri, directora general de Comer\u00e7 de la Conselleria de Empresa y Trabajo de la Generalitat de Catalunya, junto a**Jos\u00e9 Antonio Alcaide Mart\u00edn, regidor de Gobierno del Ajuntament de l&#8217;Hospitalet y el director de la feria,*Jorge Mart\u00edn, que estuvieron acompa\u00f1adados de*Pr\u00f2sper Puig,*presidente de la Federaci\u00f3 Catalana de Carnissers Cansaladers Xarcuters y presidente de GremiCarn Barcelona, y*Antoni G\u00e1lvez, presidente del Gremi de Carnissers Xarcuters i Aviram de Barcelona, que se interesaron por las actividades de las diferentes empresas expositoras.<\/p>\n<p> La organizaci\u00f3n ya est\u00e1 planeando nuevas ediciones que permitan continuar con el compromiso de fortalecer el sector c\u00e1rnico en Espa\u00f1a, y sobre todo el del comercio c\u00e1rnico de proximidad, y ofrecer un espacio \u00fanico de formaci\u00f3n y desarrollo profesional.<\/p>\n<p> Para m\u00e1s informaci\u00f3n, visitar*www.meatxperience.com.<\/p>\n<p> Contacto<\/p>\n<p>\nNombre contacto: Lola Beltr\u00e1n<\/p>\n<p>\nDescripci\u00f3n contacto: Comunicaci\u00f3n MEAT XPERIENCE<\/p>\n<p>\nTel\u00e9fono de contacto: 678967349<\/p>\n","protected":false},"excerpt":{"rendered":"<p>(Informaci\u00f3n remitida por la empresa firmante) La cita de los carniceros, charcuteros y polleros viene para quedarse. En las pr\u00f3ximas semanas se anunciar\u00e1 fecha para la segunda edici\u00f3n. La primera edici\u00f3n de MEAT XPERIENCE, celebrada el 27 y 28 de octubre en La Farga de L&#8217;Hospitalet, ha superado las expectativas al recibir m\u00e1s de 4.000 [&hellip;]<\/p>\n","protected":false},"author":1,"featured_media":0,"comment_status":"closed","ping_status":"closed","sticky":false,"template":"","format":"standard","meta":{"footnotes":""},"categories":[2],"tags":[],"class_list":["post-56670","post","type-post","status-publish","format-standard","hentry","category-noticias"],"_links":{"self":[{"href":"https:\/\/webciudadana.net\/index.php?rest_route=\/wp\/v2\/posts\/56670","targetHints":{"allow":["GET"]}}],"collection":[{"href":"https:\/\/webciudadana.net\/index.php?rest_route=\/wp\/v2\/posts"}],"about":[{"href":"https:\/\/webciudadana.net\/index.php?rest_route=\/wp\/v2\/types\/post"}],"author":[{"embeddable":true,"href":"https:\/\/webciudadana.net\/index.php?rest_route=\/wp\/v2\/users\/1"}],"replies":[{"embeddable":true,"href":"https:\/\/webciudadana.net\/index.php?rest_route=%2Fwp%2Fv2%2Fcomments&post=56670"}],"version-history":[{"count":0,"href":"https:\/\/webciudadana.net\/index.php?rest_route=\/wp\/v2\/posts\/56670\/revisions"}],"wp:attachment":[{"href":"https:\/\/webciudadana.net\/index.php?rest_route=%2Fwp%2Fv2%2Fmedia&parent=56670"}],"wp:term":[{"taxonomy":"category","embeddable":true,"href":"https:\/\/webciudadana.net\/index.php?rest_route=%2Fwp%2Fv2%2Fcategories&post=56670"},{"taxonomy":"post_tag","embeddable":true,"href":"https:\/\/webciudadana.net\/index.php?rest_route=%2Fwp%2Fv2%2Ftags&post=56670"}],"curies":[{"name":"wp","href":"https:\/\/api.w.org\/{rel}","templated":true}]}}