{"id":56930,"date":"2024-11-13T11:01:24","date_gmt":"2024-11-13T10:01:24","guid":{"rendered":"https:\/\/ticker-noticiasep.microcontenidos.com\/NoticiaRSS.vbhtml?user=FRND562DLP&amp;cod=20241113110124"},"modified":"2024-11-13T11:01:24","modified_gmt":"2024-11-13T10:01:24","slug":"jugadores-del-real-valladolid-firman-autografos-a-los-aficionados-en-vallsur","status":"publish","type":"post","link":"https:\/\/webciudadana.net\/?p=56930","title":{"rendered":"Jugadores del Real Valladolid firman aut\u00f3grafos a los aficionados en Vallsur"},"content":{"rendered":"\n<div><img decoding=\"async\" src=\"https:\/\/img.europapress.es\/fotoweb\/fotonoticia_20241113110124_300.jpg\" class=\"ff-og-image-inserted\"><\/div>\n<p>(Informaci\u00f3n remitida por la empresa firmante)<\/p>\n<p> \u00b7 Los jugadores blanquivioletas Javier S\u00e1nchez, Iv\u00e1n S\u00e1nchez y Cenk \u00d6zkacar estuvieron firmando aut\u00f3grafos en Vallsur y recibieron el cari\u00f1o de aficionados de todas las edades<\/p>\n<p> \u00b7 La firma de aut\u00f3grafos ha tenido lugar con motivo de la reciente inauguraci\u00f3n de la Tienda Oficial del Real Valladolid en el centro comercial vallisoletano <\/p>\n<p> Valladolid, 13 de noviembre de 2024.- Los jugadores del Real Valladolid Club de F\u00fatbol Javier S\u00e1nchez, Iv\u00e1n S\u00e1nchez y Cenk \u00d6zkacar han visitado Vallsur para atender a los aficionados en una multitudinaria firma de aut\u00f3grafos que tuvo lugar durante la tarde de ayer.<\/p>\n<p> La representaci\u00f3n blanquivioleta recibi\u00f3 el cari\u00f1o de seguidores de todas las edades, y estuvieron acompa\u00f1ados por la mascota del equipo, Pepe Zorrillo, con la que los seguidores del Club pudieron hacerse fotos.<\/p>\n<p> Esta firma de aut\u00f3grafos ha tenido lugar para celebrar la reciente inauguraci\u00f3n en Vallsur de la tienda oficial del Real Valladolid, gestionada por Kappa. Un local de 83 m donde todos los seguidores y seguidoras del Real Valladolid podr\u00e1n encontrar los productos oficiales y licenciados del club vallisoletano.<\/p>\n<p> Kappa es sponsor t\u00e9cnico del Real Valladolid desde 2023 y este verano present\u00f3 junto al club las equipaciones 2024\/2025, as\u00ed como toda la l\u00ednea de entrenamiento, paseo y accesorios. Ambos se han fusionado para dise\u00f1ar las prendas personalizadas del club con dise\u00f1o exclusivos y originales que respiran la identidad e historia del club y que ahora se podr\u00e1n encontrar en el centro comercial Vallsur.<\/p>\n<p> Sobre Vallsur &#8211; www.vallsur.com <\/p>\n<p> Desde su apertura, el centro comercial Vallsur, gestionado por CBRE REAL ESTATE, se ha convertido en un referente en la ciudad de Valladolid. Con una superficie de 35.160 m2, m\u00e1s de 90 tiendas y 2.000 plazas de aparcamiento, el centro pone a disposici\u00f3n de sus clientes una gran oferta de servicios cuyo objetivo es satisfacer todas sus necesidades. Adem\u00e1s, Vallsur tiene una clara pol\u00edtica de compromiso en el medio ambiente, tal y como demuestra su sistema de gesti\u00f3n ambiental de acuerdo a la normativa ISO 14001:2004.<\/p>\n<p> Sobre Kappa:<\/p>\n<p> Kappa es una reconocida marca deportiva fundada en Italia en 1967. Con una amplia presencia a nivel mundial. Kappa se ha convertido en sin\u00f3nimo de estilo, calidad y rendimiento en el mundo del deporte. La marca se enorgullece de su asociaci\u00f3n con deportistas y clubes de \u00e9lite y su apoyo a eventos deportivos de alto nivel.<\/p>\n<p> Para m\u00e1s informaci\u00f3n o gesti\u00f3n de entrevistas: <\/p>\n<p> AGENCIA DE COMUNICACI\u00d3N DE VALLSUR: <\/p>\n<p> europa press Comunicaci\u00f3n &#8211; 91 359 26 00 <\/p>\n<p> LETICIA G\u00d3MEZ &#8211; leticiagomez@europapress.es <\/p>\n<p> SILVIA MULLOR &#8211; silviamullor@europapress.es<\/p>\n","protected":false},"excerpt":{"rendered":"<p>(Informaci\u00f3n remitida por la empresa firmante) \u00b7 Los jugadores blanquivioletas Javier S\u00e1nchez, Iv\u00e1n S\u00e1nchez y Cenk \u00d6zkacar estuvieron firmando aut\u00f3grafos en Vallsur y recibieron el cari\u00f1o de aficionados de todas las edades \u00b7 La firma de aut\u00f3grafos ha tenido lugar con motivo de la reciente inauguraci\u00f3n de la Tienda Oficial del Real Valladolid en el [&hellip;]<\/p>\n","protected":false},"author":1,"featured_media":0,"comment_status":"closed","ping_status":"closed","sticky":false,"template":"","format":"standard","meta":{"footnotes":""},"categories":[2],"tags":[],"class_list":["post-56930","post","type-post","status-publish","format-standard","hentry","category-noticias"],"_links":{"self":[{"href":"https:\/\/webciudadana.net\/index.php?rest_route=\/wp\/v2\/posts\/56930","targetHints":{"allow":["GET"]}}],"collection":[{"href":"https:\/\/webciudadana.net\/index.php?rest_route=\/wp\/v2\/posts"}],"about":[{"href":"https:\/\/webciudadana.net\/index.php?rest_route=\/wp\/v2\/types\/post"}],"author":[{"embeddable":true,"href":"https:\/\/webciudadana.net\/index.php?rest_route=\/wp\/v2\/users\/1"}],"replies":[{"embeddable":true,"href":"https:\/\/webciudadana.net\/index.php?rest_route=%2Fwp%2Fv2%2Fcomments&post=56930"}],"version-history":[{"count":0,"href":"https:\/\/webciudadana.net\/index.php?rest_route=\/wp\/v2\/posts\/56930\/revisions"}],"wp:attachment":[{"href":"https:\/\/webciudadana.net\/index.php?rest_route=%2Fwp%2Fv2%2Fmedia&parent=56930"}],"wp:term":[{"taxonomy":"category","embeddable":true,"href":"https:\/\/webciudadana.net\/index.php?rest_route=%2Fwp%2Fv2%2Fcategories&post=56930"},{"taxonomy":"post_tag","embeddable":true,"href":"https:\/\/webciudadana.net\/index.php?rest_route=%2Fwp%2Fv2%2Ftags&post=56930"}],"curies":[{"name":"wp","href":"https:\/\/api.w.org\/{rel}","templated":true}]}}