{"id":56983,"date":"2024-11-14T12:27:48","date_gmt":"2024-11-14T11:27:48","guid":{"rendered":"https:\/\/ticker-noticiasep.microcontenidos.com\/NoticiaRSS.vbhtml?user=FRND562DLP&amp;cod=20241114122748"},"modified":"2024-11-14T12:27:48","modified_gmt":"2024-11-14T11:27:48","slug":"sociedad-cerca-de-1-000-euros-de-recaudacion-en-la-ultima-campana-solidaria-de-allianz-partners-contra-el-cancer","status":"publish","type":"post","link":"https:\/\/webciudadana.net\/?p=56983","title":{"rendered":"Sociedad: Cerca de 1.000 euros de recaudaci\u00f3n en la \u00faltima Campa\u00f1a Solidaria de Allianz Partners contra el c\u00e1ncer"},"content":{"rendered":"\n<div><img decoding=\"async\" src=\"https:\/\/img.europapress.es\/fotoweb\/fotonoticia_20241114122748_300.jpg\" class=\"ff-og-image-inserted\"><\/div>\n<p>(Informaci\u00f3n remitida por la empresa firmante)<\/p>\n<p>\nCon motivo del D\u00eda Mundial del C\u00e1ncer de Mama, Allianz Partners ha celebrado nuevamente su ya tradicional Campa\u00f1a Solidaria, en la que se han recaudado m\u00e1s de 800&nbsp;\u20ac, destinados a la Asociaci\u00f3n Espa\u00f1ola Contra el C\u00e1ncer y que se revertir\u00e1n en financiaci\u00f3n de investigaci\u00f3n, prevenci\u00f3n y apoyo a los pacientes y familiares que sufren la enfermedad<\/p>\n<p>\nMadrid, 14 de noviembre de 2024.- \u00abEl rosa es m\u00e1s que un color\u00bb es el mensaje con el que la Asociaci\u00f3n Espa\u00f1ola Contra el C\u00e1ncer lanzaba su campa\u00f1a de concienciaci\u00f3n y recaudaci\u00f3n con motivo del D\u00eda Mundial del C\u00e1ncer de Mama, el c\u00e1ncer m\u00e1s com\u00fan y que mayor n\u00famero de muertes causa en Espa\u00f1a entre la poblaci\u00f3n femenina. Seg\u00fan el Observatorio del C\u00e1ncer de la Asociaci\u00f3n, esta enfermedad representa casi el 30% de los c\u00e1nceres diagnosticados en mujeres.<\/p>\n<p> Las estad\u00edsticas indican que 1 de cada 2 hombres y 1 de cada 3 mujeres tendr\u00e1 c\u00e1ncer a lo largo de su vida, y que el n\u00famero de nuevos diagn\u00f3sticos alcanzar\u00e1 los 28 millones de casos nuevos al a\u00f1o en 2040. En este contexto, en el que los diagn\u00f3sticos de c\u00e1ncer contin\u00faan en aumento, el objetivo propuesto por la Asociaci\u00f3n Espa\u00f1ola Contra el C\u00e1ncer es superar el 70% de supervivencia en la enfermedad para 2030, apostando por la investigaci\u00f3n, la prevenci\u00f3n y el apoyo a personas con c\u00e1ncer y familiares como pilares fundamentales de su misi\u00f3n.<\/p>\n<p> Dentro del marco de su compromiso corporativo con la salud y el bienestar de sus colaboradores y la comunidad, Allianz Partners se une a la causa, por tercer a\u00f1o consecutivo, a trav\u00e9s de su Campa\u00f1a Solidaria Contra el C\u00e1ncer. Con la compra de papeletas, los colaboradores de la entidad han participado en la recaudaci\u00f3n solidaria de fondos para la lucha contra el c\u00e1ncer. La Campa\u00f1a Solidaria ha concluido con una recaudaci\u00f3n de cerca de 1.000&nbsp;\u20ac, que se han destinado \u00edntegramente a la Asociaci\u00f3n Espa\u00f1ola Contra el C\u00e1ncer.<\/p>\n<p> Para la entrega de lo recaudado en la Campa\u00f1a Solidaria Mar\u00eda Lavi\u00f1a, responsable de Alianzas Corporativas de la Asociaci\u00f3n Espa\u00f1ola Contra el C\u00e1ncer en Madrid ha destacado, \u00abTodos podemos sumar nuestra aportaci\u00f3n contra el c\u00e1ncer, desde la Asociaci\u00f3n queremos llegar a m\u00e1s pacientes, a m\u00e1s personas que conozcan c\u00f3mo prevenir activamente el c\u00e1ncer, recibir cualquier servicio gratuito que puedan necesitar y conseguir el 70% de supervivencia global. Colaboraciones como la vuestra contribuyen a que el ROSA no solo sea un color y se convierta en apoyo e investigaci\u00f3n\u00bb.<\/p>\n<p> Marta Artieda, Directora de Recursos Humanos en Allianz Partners Espa\u00f1a, apunta: \u00abPara nosotros la salud y el bienestar de nuestros colaboradores es una prioridad. Somos conscientes de la importancia de la prevenci\u00f3n para combatir enfermedades como el c\u00e1ncer, y por ello desarrollamos iniciativas como talleres, stands informativos y semanas tem\u00e1ticas. Iniciativas como esta, que abarcan la salud desde una perspectiva integral, basadas en la informaci\u00f3n y la concienciaci\u00f3n, son s\u00faper importantes y muy valoradas tambi\u00e9n por nuestros empleados, que nos animan a organizar cada a\u00f1o esta Campa\u00f1a Solidaria\u00bb.<\/p>\n<p> Contacto<\/p>\n<p>\nNombre contacto: Prensa Allianz Partners<\/p>\n<p>\nDescripci\u00f3n contacto: Allianz Partners<\/p>\n<p>\nTel\u00e9fono de contacto: 639269253<\/p>\n","protected":false},"excerpt":{"rendered":"<p>(Informaci\u00f3n remitida por la empresa firmante) Con motivo del D\u00eda Mundial del C\u00e1ncer de Mama, Allianz Partners ha celebrado nuevamente su ya tradicional Campa\u00f1a Solidaria, en la que se han recaudado m\u00e1s de 800&nbsp;\u20ac, destinados a la Asociaci\u00f3n Espa\u00f1ola Contra el C\u00e1ncer y que se revertir\u00e1n en financiaci\u00f3n de investigaci\u00f3n, prevenci\u00f3n y apoyo a los [&hellip;]<\/p>\n","protected":false},"author":1,"featured_media":0,"comment_status":"closed","ping_status":"closed","sticky":false,"template":"","format":"standard","meta":{"footnotes":""},"categories":[2],"tags":[],"class_list":["post-56983","post","type-post","status-publish","format-standard","hentry","category-noticias"],"_links":{"self":[{"href":"https:\/\/webciudadana.net\/index.php?rest_route=\/wp\/v2\/posts\/56983","targetHints":{"allow":["GET"]}}],"collection":[{"href":"https:\/\/webciudadana.net\/index.php?rest_route=\/wp\/v2\/posts"}],"about":[{"href":"https:\/\/webciudadana.net\/index.php?rest_route=\/wp\/v2\/types\/post"}],"author":[{"embeddable":true,"href":"https:\/\/webciudadana.net\/index.php?rest_route=\/wp\/v2\/users\/1"}],"replies":[{"embeddable":true,"href":"https:\/\/webciudadana.net\/index.php?rest_route=%2Fwp%2Fv2%2Fcomments&post=56983"}],"version-history":[{"count":0,"href":"https:\/\/webciudadana.net\/index.php?rest_route=\/wp\/v2\/posts\/56983\/revisions"}],"wp:attachment":[{"href":"https:\/\/webciudadana.net\/index.php?rest_route=%2Fwp%2Fv2%2Fmedia&parent=56983"}],"wp:term":[{"taxonomy":"category","embeddable":true,"href":"https:\/\/webciudadana.net\/index.php?rest_route=%2Fwp%2Fv2%2Fcategories&post=56983"},{"taxonomy":"post_tag","embeddable":true,"href":"https:\/\/webciudadana.net\/index.php?rest_route=%2Fwp%2Fv2%2Ftags&post=56983"}],"curies":[{"name":"wp","href":"https:\/\/api.w.org\/{rel}","templated":true}]}}