{"id":57010,"date":"2024-11-14T16:55:47","date_gmt":"2024-11-14T15:55:47","guid":{"rendered":"https:\/\/ticker-noticiasep.microcontenidos.com\/NoticiaRSS.vbhtml?user=FRND562DLP&amp;cod=20241114165547"},"modified":"2024-11-14T16:55:47","modified_gmt":"2024-11-14T15:55:47","slug":"nueva-convocatoria-de-fp-en-febrero-de-2025-para-responder-a-la-alta-demanda-de-estudiantes","status":"publish","type":"post","link":"https:\/\/webciudadana.net\/?p=57010","title":{"rendered":"Nueva convocatoria de FP en febrero de 2025 para responder a la alta demanda de estudiantes"},"content":{"rendered":"\n<div><img decoding=\"async\" src=\"https:\/\/img.europapress.es\/fotoweb\/fotonoticia_20241114165547_300.jpg\" class=\"ff-og-image-inserted\"><\/div>\n<p>(Informaci\u00f3n remitida por la empresa firmante)<\/p>\n<p>\nEl alumnado de CEAC FP, instituci\u00f3n l\u00edder en Formaci\u00f3n Profesional, podr\u00e1 comenzar su formaci\u00f3n desde el momento en el que se matricula gracias a las ventajas exclusivas de su FP Max<\/p>\n<p>\nMadrid, 14 de noviembre de 2024.- La nueva convocatoria de Formaci\u00f3n Profesional en Espa\u00f1a permitir\u00e1 a los estudiantes comenzar sus estudios a distancia en febrero de 2025, sin la necesidad de esperar hasta el mes de septiembre de ese mismo a\u00f1o.<\/p>\n<p> Sin embargo, la instituci\u00f3n CEAC FP va m\u00e1s all\u00e1, ofreciendo a sus alumnos la oportunidad de realizar dos cursos preparatorios previos a su formaci\u00f3n oficial y uno de experto gracias a su exclusiva oferta formativa FP Max, la cual estar\u00e1 disponible desde el momento en el que se matriculan. Adem\u00e1s, los estudiantes de CEAC FP tambi\u00e9n tendr\u00e1n la oportunidad de mejorar su nivel de ingl\u00e9s hasta el C1 a trav\u00e9s de su laboratorio de idiomas, del cual pueden hacer uso hasta que finalicen su FP oficial.<\/p>\n<p> En palabras de Juan Francisco Jim\u00e9nez, director ejecutivo de CEAC FP: \u00abEs un privilegio acompa\u00f1ar a los estudiantes en su etapa formativa y, por eso, ponemos a su disposici\u00f3n las mejores herramientas y ventajas educativas. El objetivo es que finalicen su FP con \u00e9xito y consiguiendo destacar sobre el resto de los titulados, as\u00ed como aprendiendo todos los conocimientos y habilidades que necesitar\u00e1n en sus futuros empleos\u00bb.<\/p>\n<p> Otro de los aspectos m\u00e1s atractivos de esta convocatoria es que los alumnos tendr\u00e1n la oportunidad de realizar los ex\u00e1menes oficiales en su propia provincia. Esto supone un ahorro significativo en tiempo, gastos de transporte y alojamiento.<\/p>\n<p> Un innovador proceso de evaluaci\u00f3n<\/p>\n<p>\n*A lo largo del curso acad\u00e9mico, los estudiantes de CEAC FP tienen la posibilidad de realizar un examen por m\u00f3dulo cada semestre para eliminar materia, mientras que el 40% de la nota final depender\u00e1 de los ejercicios en plataforma y del seguimiento continuo por parte de los tutores.<\/p>\n<p> En relaci\u00f3n a los resultados de su metodolog\u00eda de ense\u00f1anza, desde CEAC FP destacan el firme compromiso de la marca a la hora de ofrecer una formaci\u00f3n de calidad a su alumnado, y es que est\u00e1n tan seguro de su \u00e9xito que \u00aben el caso de que no logren aprobar, la siguiente matriculaci\u00f3n ser\u00e1 sin coste\u00bb.<\/p>\n<p> Una modalidad educativa muy demandada en Espa\u00f1a<\/p>\n<p>\n*En la pasada convocatoria de septiembre, la Formaci\u00f3n Profesional bati\u00f3 el r\u00e9cord de matriculaciones en Espa\u00f1a, con un total de 1.193.260 estudiantes de FP, seg\u00fan los datos del Ministerio de Educaci\u00f3n. Esto supone un claro aumento del 4,2% (48.460 alumnos) respecto al curso anterior.<\/p>\n<p> Otro de los datos significativos que se han obtenido de las matriculaciones de este a\u00f1o es el notable incremento de la FP online, que ya es la opci\u00f3n elegida por el 60% del total del alumnado de Formaci\u00f3n Profesional en Espa\u00f1a.<\/p>\n<p> Desde CEAC FP, se\u00f1alan que este auge de la modalidad online se debe, entre otras cosas, a las ventajas que conlleva estudiar a distancia: mayor facilidad para compaginar los estudios con otras responsabilidades; comodidad al evitar desplazamientos; metodolog\u00eda educativa flexible que se adapta a las necesidades del alumnado; plataformas de e-learning innovadoras; seguimiento de la formaci\u00f3n por parte de los tutores; etc.<\/p>\n<p> Emisor: CEAC FP<\/p>\n<p>\nContacto<\/p>\n<p>\nNombre contacto: Paula Arrojo<\/p>\n<p>\nDescripci\u00f3n contacto: Atrevia<\/p>\n<p>\nTel\u00e9fono de contacto: 667 633 450<\/p>\n","protected":false},"excerpt":{"rendered":"<p>(Informaci\u00f3n remitida por la empresa firmante) El alumnado de CEAC FP, instituci\u00f3n l\u00edder en Formaci\u00f3n Profesional, podr\u00e1 comenzar su formaci\u00f3n desde el momento en el que se matricula gracias a las ventajas exclusivas de su FP Max Madrid, 14 de noviembre de 2024.- La nueva convocatoria de Formaci\u00f3n Profesional en Espa\u00f1a permitir\u00e1 a los estudiantes [&hellip;]<\/p>\n","protected":false},"author":1,"featured_media":0,"comment_status":"closed","ping_status":"closed","sticky":false,"template":"","format":"standard","meta":{"footnotes":""},"categories":[2],"tags":[],"class_list":["post-57010","post","type-post","status-publish","format-standard","hentry","category-noticias"],"_links":{"self":[{"href":"https:\/\/webciudadana.net\/index.php?rest_route=\/wp\/v2\/posts\/57010","targetHints":{"allow":["GET"]}}],"collection":[{"href":"https:\/\/webciudadana.net\/index.php?rest_route=\/wp\/v2\/posts"}],"about":[{"href":"https:\/\/webciudadana.net\/index.php?rest_route=\/wp\/v2\/types\/post"}],"author":[{"embeddable":true,"href":"https:\/\/webciudadana.net\/index.php?rest_route=\/wp\/v2\/users\/1"}],"replies":[{"embeddable":true,"href":"https:\/\/webciudadana.net\/index.php?rest_route=%2Fwp%2Fv2%2Fcomments&post=57010"}],"version-history":[{"count":0,"href":"https:\/\/webciudadana.net\/index.php?rest_route=\/wp\/v2\/posts\/57010\/revisions"}],"wp:attachment":[{"href":"https:\/\/webciudadana.net\/index.php?rest_route=%2Fwp%2Fv2%2Fmedia&parent=57010"}],"wp:term":[{"taxonomy":"category","embeddable":true,"href":"https:\/\/webciudadana.net\/index.php?rest_route=%2Fwp%2Fv2%2Fcategories&post=57010"},{"taxonomy":"post_tag","embeddable":true,"href":"https:\/\/webciudadana.net\/index.php?rest_route=%2Fwp%2Fv2%2Ftags&post=57010"}],"curies":[{"name":"wp","href":"https:\/\/api.w.org\/{rel}","templated":true}]}}