{"id":57088,"date":"2024-11-18T15:45:42","date_gmt":"2024-11-18T14:45:42","guid":{"rendered":"https:\/\/ticker-noticiasep.microcontenidos.com\/NoticiaRSS.vbhtml?user=FRND562DLP&amp;cod=20241118154542"},"modified":"2024-11-18T15:45:42","modified_gmt":"2024-11-18T14:45:42","slug":"la-plataforma-elalquilador-com-apuesta-por-el-green-friday","status":"publish","type":"post","link":"https:\/\/webciudadana.net\/?p=57088","title":{"rendered":"La plataforma elalquilador.com apuesta por el Green Friday"},"content":{"rendered":"\n<div><img decoding=\"async\" src=\"https:\/\/img.europapress.es\/fotoweb\/fotonoticia_20241118154542_300.jpg\" class=\"ff-og-image-inserted\"><\/div>\n<p>(Informaci\u00f3n remitida por la empresa firmante)<\/p>\n<p>\nLa plataforma elalquilador.com lanza su iniciativa Green Friday, promoviendo el alquiler de productos como una alternativa sostenible. Alquilar no solo es m\u00e1s econ\u00f3mico, sino que tambi\u00e9n garantiza equipos de \u00faltima generaci\u00f3n y un menor impacto ambiental<\/p>\n<p>\nMadrid, 18 de noviembre de 2024.- La plataforma elalquilador.com ha dado un paso significativo hacia la sostenibilidad al lanzar su iniciativa Green Friday, cuyo objetivo principal es promover y estimular el alquiler de productos como una alternativa m\u00e1s respetuosa con el medio ambiente.<\/p>\n<p> El alquiler de maquinaria, as\u00ed como de equipos para el movimiento de cargas y la elevaci\u00f3n de personas, se posiciona como una opci\u00f3n m\u00e1s econ\u00f3mica y ecol\u00f3gica comparada con la compra. Esta pr\u00e1ctica no solo reduce los costos en los proyectos, sino que asegura que los equipos utilizados est\u00e9n en las mejores condiciones posibles, dadas las rigurosas pol\u00edticas de mantenimiento y renovaci\u00f3n. Al alquilar, los usuarios pueden acceder a maquinaria de \u00faltima generaci\u00f3n, lo que no solo implica eficacia y productividad en las operaciones, sino tambi\u00e9n una menor huella de carbono gracias a los avances tecnol\u00f3gicos en eficiencia energ\u00e9tica.<\/p>\n<p> elalquilador.com destaca adem\u00e1s las ventajas econ\u00f3micas del alquiler. Para muchas empresas, especialmente aquellas que realizan proyectos a corto o medio plazo, la adquisici\u00f3n de maquinaria puede representar un desembolso significativo que no siempre compensa. Al optar por el alquiler, se liberan de los altos costos iniciales, el mantenimiento y la depreciaci\u00f3n de los equipos, permitiendo una mejora en la planificaci\u00f3n y ejecuci\u00f3n de sus proyectos con mayor flexibilidad financiera.<\/p>\n<p> La promoci\u00f3n del Green Friday busca captar la atenci\u00f3n de nuevos usuarios, incrementando la conciencia sobre las opciones econ\u00f3micamente viables y sustentables que se tienen al alcance. La plataforma conf\u00eda en que su enfoque educativo y su transparencia sobre los aspectos de sostenibilidad influir\u00e1n positivamente en las decisiones de sus clientes potenciales.<\/p>\n<p> El lanzamiento del Green Friday de elalquilador.com es un ejemplo de c\u00f3mo los usuarios pueden fusionar el sentido comercial con la responsabilidad ambiental. A medida que el mundo se enfrenta a desaf\u00edos medioambientales sin precedentes, iniciativas como la de elalquilador.com subrayan la relevancia de explorar alternativas que no solo sean viables para los negocios, sino que tambi\u00e9n beneficien al planeta a largo plazo. A trav\u00e9s de esfuerzos continuos y una comunicaci\u00f3n efectiva sobre los beneficios del alquiler, elalquilador.com est\u00e1 firmando un compromiso con un futuro m\u00e1s sostenible.<\/p>\n<p> Contacto<\/p>\n<p>\nNombre contacto: Laura Molina<\/p>\n<p>\nDescripci\u00f3n contacto: elalquilador.com<\/p>\n<p>\nTel\u00e9fono de contacto: 911935181<\/p>\n","protected":false},"excerpt":{"rendered":"<p>(Informaci\u00f3n remitida por la empresa firmante) La plataforma elalquilador.com lanza su iniciativa Green Friday, promoviendo el alquiler de productos como una alternativa sostenible. Alquilar no solo es m\u00e1s econ\u00f3mico, sino que tambi\u00e9n garantiza equipos de \u00faltima generaci\u00f3n y un menor impacto ambiental Madrid, 18 de noviembre de 2024.- La plataforma elalquilador.com ha dado un paso [&hellip;]<\/p>\n","protected":false},"author":1,"featured_media":0,"comment_status":"closed","ping_status":"closed","sticky":false,"template":"","format":"standard","meta":{"footnotes":""},"categories":[2],"tags":[],"class_list":["post-57088","post","type-post","status-publish","format-standard","hentry","category-noticias"],"_links":{"self":[{"href":"https:\/\/webciudadana.net\/index.php?rest_route=\/wp\/v2\/posts\/57088","targetHints":{"allow":["GET"]}}],"collection":[{"href":"https:\/\/webciudadana.net\/index.php?rest_route=\/wp\/v2\/posts"}],"about":[{"href":"https:\/\/webciudadana.net\/index.php?rest_route=\/wp\/v2\/types\/post"}],"author":[{"embeddable":true,"href":"https:\/\/webciudadana.net\/index.php?rest_route=\/wp\/v2\/users\/1"}],"replies":[{"embeddable":true,"href":"https:\/\/webciudadana.net\/index.php?rest_route=%2Fwp%2Fv2%2Fcomments&post=57088"}],"version-history":[{"count":0,"href":"https:\/\/webciudadana.net\/index.php?rest_route=\/wp\/v2\/posts\/57088\/revisions"}],"wp:attachment":[{"href":"https:\/\/webciudadana.net\/index.php?rest_route=%2Fwp%2Fv2%2Fmedia&parent=57088"}],"wp:term":[{"taxonomy":"category","embeddable":true,"href":"https:\/\/webciudadana.net\/index.php?rest_route=%2Fwp%2Fv2%2Fcategories&post=57088"},{"taxonomy":"post_tag","embeddable":true,"href":"https:\/\/webciudadana.net\/index.php?rest_route=%2Fwp%2Fv2%2Ftags&post=57088"}],"curies":[{"name":"wp","href":"https:\/\/api.w.org\/{rel}","templated":true}]}}