{"id":57089,"date":"2024-11-18T15:44:41","date_gmt":"2024-11-18T14:44:41","guid":{"rendered":"https:\/\/ticker-noticiasep.microcontenidos.com\/NoticiaRSS.vbhtml?user=FRND562DLP&amp;cod=20241118154441"},"modified":"2024-11-18T15:44:41","modified_gmt":"2024-11-18T14:44:41","slug":"salud-la-semfyc-crea-la-fundacion-communia-para-desarrollar-proyectos-solidarios-y-de-cooperacion-internacional","status":"publish","type":"post","link":"https:\/\/webciudadana.net\/?p=57089","title":{"rendered":"Salud: La semFYC crea la Fundaci\u00f3n Communia para desarrollar proyectos solidarios y de cooperaci\u00f3n internacional"},"content":{"rendered":"\n<div><img decoding=\"async\" src=\"https:\/\/img.europapress.es\/fotoweb\/fotonoticia_20241118154441_300.jpg\" class=\"ff-og-image-inserted\"><\/div>\n<p>(Informaci\u00f3n remitida por la empresa firmante)<\/p>\n<p>\nCon el objetivo de garantizar y asegurar el derecho a la salud de personas y comunidades en situaci\u00f3n de vulnerabilidad, exclusi\u00f3n o crisis humanitarias, la Sociedad Espa\u00f1ola de Medicina de Familia y Comunitaria (semFYC) ha puesto en marcha la Fundaci\u00f3n Communia, una entidad sin \u00e1nimo de lucro comprometida con el desarrollo de la Atenci\u00f3n Primaria y la Medicina de Familia y Comunitaria<\/p>\n<p>\nBarcelona, 18 de noviembre de 2024.- La Fundaci\u00f3n Communia semFYC apuesta por la universalidad y la equidad para estar junto a quienes tienen limitado su acceso a una Atenci\u00f3n Primaria de calidad y necesitan de apoyo para mejorar su calidad de vida, garantizando as\u00ed su derecho a la Salud.<\/p>\n<p> Entre sus prioridades se encuentra el desarrollo de proyectos que promuevan la profesionalizaci\u00f3n y el desarrollo de la Medicina de Familia y Comunitaria con el fin de que impacten positivamente en la salud y el bienestar de las personas y del planeta. Adem\u00e1s, tambi\u00e9n impulsar\u00e1 y dar\u00e1 visibilidad a aquellas iniciativas solidarias que desarrollen tanto personas asociadas a la semFYC, como desde la especialidad, en general. De igual modo, velar\u00e1 por establecer alianzas clave con organizaciones nacionales e internacionales que compartan los valores de responsabilidad, equidad, sostenibilidad, transparencia, profesionalidad e innovaci\u00f3n, para implementar iniciativas conjuntas.<\/p>\n<p> Para la presidenta de la Fundaci\u00f3n Communia, Remedios Mart\u00edn, \u00abla salud es un derecho humano que desde la semFYC entendemos que debe ser defendido y promovido por y para todas las personas, independientemente de las circunstancias en las que se encuentre\u00bb.<\/p>\n<p> Por otro lado, Mart\u00edn confirma que \u00abya estamos trabajando para establecer alianzas estrat\u00e9gicas que nos permitir\u00e1n llegar all\u00e1 donde es m\u00e1s necesaria nuestra acci\u00f3n, que siempre es la de poner la vida y la salud de las personas en el centro\u00bb. \u00abComo dec\u00eda Mahatma Gandhi: la verdadera riqueza es la salud\u00bb, a\u00f1ade la presidenta de la semFYC y la Fundaci\u00f3n Communia.<\/p>\n<p> En este sentido, con el prop\u00f3sito de contribuir a alcanzar el m\u00e1ximo nivel de salud, bienestar, sostenibilidad y equidad en el mundo con la Medicina de Familia y Comunitaria, la Fundaci\u00f3n Communia quiere desarrollar y promover proyectos innovadores en acci\u00f3n social, solidaridad global, cooperaci\u00f3n internacional y salud planetaria.<\/p>\n<p> Dos proyectos Alma Mater en marcha<\/p>\n<p>\n*En el marco de las iniciativas Alma Mater, la Fundaci\u00f3n Communia tiene en marcha actualmente dos proyectos. El primero, \u00abEcograf\u00eda cl\u00ednica en la Atenci\u00f3n Primaria en Guatemala\u00bb tiene como objetivo aumentar la capacidad diagn\u00f3stica en ecograf\u00eda del personal de medicina y enfermer\u00eda del Departamento de Solol\u00e1, una de las zonas m\u00e1s tur\u00edsticas de la Rep\u00fablica de Guatemala, que se encuentra limitada por falta de conocimiento en el uso de los aparatos. Para su puesta en marcha ha contado con la colaboraci\u00f3n del grupo de trabajo de Ecograf\u00eda y de Inequidades en Salud y Salud Internacional de la semFYC y del Instituto de Salud Incluyente (ISIS).<\/p>\n<p> Por otro lado, el objetivo de la iniciativa \u00abCuidando la Atenci\u00f3n Primaria de La Palma\u00bb, que se pondr\u00e1 en marcha en 2025, es el de mejorar la atenci\u00f3n de los casos de salud mental ante emergencias entre y desde las personas profesionales de la Atenci\u00f3n Primaria en la isla de La Palma, que tras la pandemia por Covid-19, tuvieron que hacer frente a la erupci\u00f3n del volc\u00e1n Tajogaite (tambi\u00e9n conocido como Cumbre Vieja). Esto permitir\u00e1 reducir el s\u00edndrome de burnout (la cronificaci\u00f3n del estr\u00e9s laboral) entre los profesionales y la mejora del acompa\u00f1amiento y derivaciones a atenci\u00f3n especializada. Para ello se ha contado con los grupos de trabajo de Salud Basada en las Emociones, el de la*Salud Mental, adem\u00e1s de los programas de Comunicaci\u00f3n y Salud y PACAP (Programa de Actividades Comunitarias en Atenci\u00f3n Primaria) de la semFYC, y la Sociedad Canaria de Medicina de Familia y Comunitaria (SOCAMFYC) y el Servicio Canario de Salud.<\/p>\n<p> Espacio solidario durante el XLIV Congreso de la semFYC<\/p>\n<p>\n*La semFYC ha presentado oficialmente la Fundaci\u00f3n Communia durante la celebraci\u00f3n de su XLIV congreso anual de Barcelona, y al mismo tiempo, y se ha integrado en el Espacio Solidario que la sociedad cient\u00edfica celebra a\u00f1o tras a\u00f1o en el marco de su encuentro anual con sus socios para dar voz a los m\u00e9dicos y m\u00e9dicas de familia que realizan labores de cooperaci\u00f3n mediante ONG para el intercambio de experiencias y asesoramiento. Tambi\u00e9n tiene la voluntad de servir de punto de encuentro para la mejora de la salud de las personas y del planeta. El acto ha contado con Gisela Galindo y Laura Carbajo, vicepresidenta 2\u00aa y secretaria de la semFYC, respectivamente.*<\/p>\n<p>\nPara explicar las diferentes acciones que se est\u00e1n llevando a cabo, la presentaci\u00f3n tambi\u00e9n ha invitado a Maria Ant\u00f2nia Vila Coll, m\u00e9dica de familia, que ha trabajado de voluntaria en Burkina Faso; Ander L\u00f3pez de Heredia Guti\u00e9rrez, en Guatemala, y Gustavo Moreno, en La Palma.<\/p>\n<p> Adem\u00e1s, en una especialidad como la de Familia y Comunitaria, altamente feminizada, la sociedad cient\u00edfica quiere denunciar y dar visibilidad a lo que est\u00e1n sufriendo las ni\u00f1as y las mujeres afganas tras la aprobaci\u00f3n de la ley que les proh\u00edbe su presencia en p\u00fablico. Para la semFYC es vital mejorar su acceso a la atenci\u00f3n m\u00e9dica, promover su educaci\u00f3n y capacitaci\u00f3n m\u00e9dica y fomentar la igualdad de g\u00e9nero en el sector salud. Es por eso por lo que la semFYC, la Fundaci\u00f3n Communia y el Espacio Solidario han querido mostrar su solidaridad con ellas invitando al acto a Karima Shujazada y Najiah Mohammadi, refugiadas afganas en Espa\u00f1a y miembros de la Asociaci\u00f3n Un gesto de calor y del colectivo Afghan Women on the Run (AWOTR) que han explicado en primera persona su experiencia bajo el r\u00e9gimen talib\u00e1n.<\/p>\n<p> Igualmente, para visibilizar el compromiso de la semFYC con la salud, bienestar, sostenibilidad y equidad en el mundo con la Medicina de Familia y Comunitaria, la sociedad cient\u00edfica se ha alineado a la Agenda 2030 para el Desarrollo Sostenible y se ha comprometido con los Objetivos de Desarrollo Sostenible (ODS) de las Naciones Unidas. En concreto, el congreso de la semFYC ha desarrollado diferentes iniciativas para impulsar el ODS 3, el ODS 5, el ODS 10, el ODS 12, y el ODS 17.<\/p>\n<p> Emisor: SemFYC<\/p>\n<p>\nContacto<\/p>\n<p>\nNombre contacto: Comunicaci\u00f3n semFYC<\/p>\n<p>\nDescripci\u00f3n contacto: semFYC<\/p>\n<p>\nTel\u00e9fono de contacto: +34679509941<\/p>\n","protected":false},"excerpt":{"rendered":"<p>(Informaci\u00f3n remitida por la empresa firmante) Con el objetivo de garantizar y asegurar el derecho a la salud de personas y comunidades en situaci\u00f3n de vulnerabilidad, exclusi\u00f3n o crisis humanitarias, la Sociedad Espa\u00f1ola de Medicina de Familia y Comunitaria (semFYC) ha puesto en marcha la Fundaci\u00f3n Communia, una entidad sin \u00e1nimo de lucro comprometida con [&hellip;]<\/p>\n","protected":false},"author":1,"featured_media":0,"comment_status":"closed","ping_status":"closed","sticky":false,"template":"","format":"standard","meta":{"footnotes":""},"categories":[2],"tags":[],"class_list":["post-57089","post","type-post","status-publish","format-standard","hentry","category-noticias"],"_links":{"self":[{"href":"https:\/\/webciudadana.net\/index.php?rest_route=\/wp\/v2\/posts\/57089","targetHints":{"allow":["GET"]}}],"collection":[{"href":"https:\/\/webciudadana.net\/index.php?rest_route=\/wp\/v2\/posts"}],"about":[{"href":"https:\/\/webciudadana.net\/index.php?rest_route=\/wp\/v2\/types\/post"}],"author":[{"embeddable":true,"href":"https:\/\/webciudadana.net\/index.php?rest_route=\/wp\/v2\/users\/1"}],"replies":[{"embeddable":true,"href":"https:\/\/webciudadana.net\/index.php?rest_route=%2Fwp%2Fv2%2Fcomments&post=57089"}],"version-history":[{"count":0,"href":"https:\/\/webciudadana.net\/index.php?rest_route=\/wp\/v2\/posts\/57089\/revisions"}],"wp:attachment":[{"href":"https:\/\/webciudadana.net\/index.php?rest_route=%2Fwp%2Fv2%2Fmedia&parent=57089"}],"wp:term":[{"taxonomy":"category","embeddable":true,"href":"https:\/\/webciudadana.net\/index.php?rest_route=%2Fwp%2Fv2%2Fcategories&post=57089"},{"taxonomy":"post_tag","embeddable":true,"href":"https:\/\/webciudadana.net\/index.php?rest_route=%2Fwp%2Fv2%2Ftags&post=57089"}],"curies":[{"name":"wp","href":"https:\/\/api.w.org\/{rel}","templated":true}]}}