{"id":57096,"date":"2024-11-18T16:32:25","date_gmt":"2024-11-18T15:32:25","guid":{"rendered":"https:\/\/ticker-noticiasep.microcontenidos.com\/NoticiaRSS.vbhtml?user=FRND562DLP&amp;cod=20241118163225"},"modified":"2024-11-18T16:32:25","modified_gmt":"2024-11-18T15:32:25","slug":"bahia-sur-inaugura-la-exposicion-fotografica-invisibles-para-visibilizar-la-pobreza-en-el-entorno-urbano","status":"publish","type":"post","link":"https:\/\/webciudadana.net\/?p=57096","title":{"rendered":"Bah\u00eda Sur inaugura la exposici\u00f3n fotogr\u00e1fica &#8216;Invisibles&#8217; para visibilizar la pobreza en el entorno urbano"},"content":{"rendered":"\n<div><img decoding=\"async\" src=\"https:\/\/img.europapress.es\/fotoweb\/fotonoticia_20241118163225_300.jpg\" class=\"ff-og-image-inserted\"><\/div>\n<p>(Informaci\u00f3n remitida por la empresa firmante)<\/p>\n<p>\nSAN FERNANDO (C\u00c1DIZ), 18 (EUROPA PRESS)<\/p>\n<p>\nEl centro comercial Bah\u00eda Sur, en San Fernando (C\u00e1diz), ha inaugurado este lunes la muestra &#8216;Invisibles&#8217;, un proyecto fotogr\u00e1fico organizado por la Asociaci\u00f3n Grupo Por en colaboraci\u00f3n con la Asociaci\u00f3n Amigos Fot\u00f3grafos, con el objetivo de visibilizar la pobreza en el entorno urbano.<\/p>\n<p> Al acto de inauguraci\u00f3n han asistido la delegada de Cultura del Ayuntamiento de San Fernando, Pepa Pacheco; as\u00ed como la delegada de Servicios Sociales Isabel Blanco; el gerente de Bah\u00eda Sur, Pablo Vivancos; y representantes de las dos asociaciones, Jose Mar\u00eda Cantero, por Asociaci\u00f3n Amigos Fot\u00f3grafos, as\u00ed como Daniel Gonz\u00e1lez y Angela S\u00e1nchez, por la Asociaci\u00f3n Grupo Por, impulsora del proyecto.<\/p>\n<p> La exposici\u00f3n &#8216;Invisibles&#8217; re\u00fane un total de 28 fotograf\u00edas y estar\u00e1 disponible en la galer\u00eda comercial de Bah\u00eda Sur hasta el pr\u00f3ximo 28 de noviembre. Esta colecci\u00f3n de obras retrata situaciones callejeras y escenas del entorno cercano, que, seg\u00fan han explicado desde ambas asociaciones, \u00abilustran la realidad de personas en situaci\u00f3n de vulnerabilidad, a menudo pasadas por alto por el transe\u00fante\u00bb.<\/p>\n<p> Las fotograf\u00edas proponen un recorrido visual que invita a la reflexi\u00f3n del espectador sobre el tema. Cada imagen revela diferentes momentos y lugares que forman parte de la vida diaria y que al mismo tiempo pasan desapercibidos, creando as\u00ed un espacio para comprender m\u00faltiples situaciones sociales.<\/p>\n<p> En este sentido, el gerente del centro comercial isle\u00f1o ha recordado que \u00abesta actividad se enmarca en las iniciativas socioculturales que Bah\u00eda Sur impulsa cada a\u00f1o para acercar a la sociedad temas de sensibilidad y conciencia social, promoviendo as\u00ed una mayor perspectiva sobre el mundo que nos rodea\u00bb.<\/p>\n<p> Daniel Gonz\u00e1lez, representante del Grupo Por, ha destacado \u00abla excelente acogida\u00bb en la presente edici\u00f3n del proyecto fotogr\u00e1fico, que ha contado con una colaboraci\u00f3n r\u00e9cord de participantes casi llegando a la veintena, \u00abtodos con una t\u00e9cnica depurada y una especial sensibilidad\u00bb con respecto al objetivo prioritario del proyecto, visibilizar realidades de nuestro entorno social. En ediciones anteriores las campa\u00f1as fueron dedicadas al Alzheimer, y el pasado a\u00f1o a la labor del voluntariado en el asociacionismo<\/p>\n<p>\nEl centro comercial Bah\u00eda Sur est\u00e1 ubicado en pleno coraz\u00f3n de la Bah\u00eda de C\u00e1diz, es propiedad de Castellana Properties y est\u00e1 gestionado por Cushman &amp; Wakefield. Ofrece un nuevo concepto de compras y ocio donde el entorno natural se funde para crear una experiencia \u00fanica. En m\u00e1s de 59.000 metros cuadrados de superficie comercial, Bah\u00eda Sur brinda a los visitantes la posibilidad de disfrutar de un ocio diferenciado en uno de los parajes naturales de mayor valor de Andaluc\u00eda.<\/p>\n<p> Contacto de Prensa:<\/p>\n<p>\nLeopoldo Eduardo Alonso Llofriu<\/p>\n<p>\n722 78 40 41<\/p>\n<p>\nleopoldoalonso@europapress.es<\/p>\n<p>\nVirginia Garc\u00eda<\/p>\n<p>\n679 17 79 45<\/p>\n<p>\nvirginiagarcia@europapress.es<\/p>\n","protected":false},"excerpt":{"rendered":"<p>(Informaci\u00f3n remitida por la empresa firmante) SAN FERNANDO (C\u00c1DIZ), 18 (EUROPA PRESS) El centro comercial Bah\u00eda Sur, en San Fernando (C\u00e1diz), ha inaugurado este lunes la muestra &#8216;Invisibles&#8217;, un proyecto fotogr\u00e1fico organizado por la Asociaci\u00f3n Grupo Por en colaboraci\u00f3n con la Asociaci\u00f3n Amigos Fot\u00f3grafos, con el objetivo de visibilizar la pobreza en el entorno urbano. [&hellip;]<\/p>\n","protected":false},"author":1,"featured_media":0,"comment_status":"closed","ping_status":"closed","sticky":false,"template":"","format":"standard","meta":{"footnotes":""},"categories":[2],"tags":[],"class_list":["post-57096","post","type-post","status-publish","format-standard","hentry","category-noticias"],"_links":{"self":[{"href":"https:\/\/webciudadana.net\/index.php?rest_route=\/wp\/v2\/posts\/57096","targetHints":{"allow":["GET"]}}],"collection":[{"href":"https:\/\/webciudadana.net\/index.php?rest_route=\/wp\/v2\/posts"}],"about":[{"href":"https:\/\/webciudadana.net\/index.php?rest_route=\/wp\/v2\/types\/post"}],"author":[{"embeddable":true,"href":"https:\/\/webciudadana.net\/index.php?rest_route=\/wp\/v2\/users\/1"}],"replies":[{"embeddable":true,"href":"https:\/\/webciudadana.net\/index.php?rest_route=%2Fwp%2Fv2%2Fcomments&post=57096"}],"version-history":[{"count":0,"href":"https:\/\/webciudadana.net\/index.php?rest_route=\/wp\/v2\/posts\/57096\/revisions"}],"wp:attachment":[{"href":"https:\/\/webciudadana.net\/index.php?rest_route=%2Fwp%2Fv2%2Fmedia&parent=57096"}],"wp:term":[{"taxonomy":"category","embeddable":true,"href":"https:\/\/webciudadana.net\/index.php?rest_route=%2Fwp%2Fv2%2Fcategories&post=57096"},{"taxonomy":"post_tag","embeddable":true,"href":"https:\/\/webciudadana.net\/index.php?rest_route=%2Fwp%2Fv2%2Ftags&post=57096"}],"curies":[{"name":"wp","href":"https:\/\/api.w.org\/{rel}","templated":true}]}}