{"id":57125,"date":"2024-11-19T11:01:59","date_gmt":"2024-11-19T10:01:59","guid":{"rendered":"https:\/\/ticker-noticiasep.microcontenidos.com\/NoticiaRSS.vbhtml?user=FRND562DLP&amp;cod=20241119110159"},"modified":"2024-11-19T11:01:59","modified_gmt":"2024-11-19T10:01:59","slug":"sociedad-de-las-aulas-al-mercado-un-proyecto-innovador-de-la-uva-convierte-a-alumnos-de-marketing-en-emprendedores","status":"publish","type":"post","link":"https:\/\/webciudadana.net\/?p=57125","title":{"rendered":"Sociedad: De las aulas al mercado: un proyecto innovador de la UVa convierte a alumnos de Marketing en emprendedores"},"content":{"rendered":"\n<div><img decoding=\"async\" src=\"https:\/\/img.europapress.es\/fotoweb\/fotonoticia_20241119110159_300.jpg\" class=\"ff-og-image-inserted\"><\/div>\n<p>(Informaci\u00f3n remitida por la empresa firmante)<\/p>\n<p>\nLa Universidad de Valladolid reafirma su compromiso de formar a los futuros profesionales del marketing, brind\u00e1ndoles una oportunidad \u00fanica para aplicar lo aprendido en clase a proyectos tangibles que conectan con el mundo real<\/p>\n<p>\nValladolid, 19 de noviembre de 2024.- La Universidad de Valladolid est\u00e1 llevando la formaci\u00f3n en marketing a un nuevo nivel con la asignatura \u00abHerramientas de Marketing Digital\u00bb, parte del grado en Marketing e Investigaci\u00f3n de Mercados. Este proyecto de innovaci\u00f3n docente desaf\u00eda a los estudiantes a crear y gestionar marcas reales bajo la direcci\u00f3n de Itziar Oltra, influencer especializada en marketing y redes sociales, y El\u00edas Vega, experto en Investigaci\u00f3n, Big Data y Business Intelligence. La asignatura ofrece un enfoque totalmente pr\u00e1ctico que permite a los alumnos adentrarse en el proceso de construcci\u00f3n de marca y desarrollo de estrategias de marketing en un entorno controlado, pero aut\u00e9ntico.<\/p>\n<p> Durante el desarrollo del curso, los siete grupos de estudiantes trabajan en la creaci\u00f3n de*marcas de tote bags, mediante una afiliaci\u00f3n con productos de Amazon que promueven a trav\u00e9s de sus propias p\u00e1ginas web y redes sociales, lo que les permite explorar aspectos de dise\u00f1o web, segmentaci\u00f3n de mercado y posicionamiento digital. As\u00ed, cada equipo puede abordar distintos p\u00fablicos y propuestas de valor, d\u00e1ndoles la libertad de imprimir un sello personal a sus marcas y posicionarse frente a otros competidores, en un ejercicio de creatividad y competencia colaborativa.<\/p>\n<p> \u00abEste tipo de experiencia les permite entender lo que realmente implica crear una marca desde cero, y c\u00f3mo se aplican conceptos como el SEO, SEM y la gesti\u00f3n de campa\u00f1as. Adem\u00e1s, se enfrentan a la presi\u00f3n de cumplir plazos y tomar decisiones estrat\u00e9gicas, lo cual es clave en cualquier puesto de marketing\u00bb, comenta Vega.<\/p>\n<p> Itziar Oltra, conocida por su trayectoria en redes y su habilidad para conectar con audiencias digitales, lidera la parte comunicativa del proyecto. Su enfoque ha impulsado a los estudiantes a desarrollar campa\u00f1as de redes sociales que reflejan las tendencias y el lenguaje de comunicaci\u00f3n actuales. Por otro lado, El\u00edas Vega profundiza en las t\u00e9cnicas de creaci\u00f3n y posicionamiento web, ayudando a los estudiantes a comprender c\u00f3mo conseguir visibilidad en un entorno de mercado competitivo.<\/p>\n<p> \u00abEst\u00e1n aprendiendo a crear contenido atractivo, a entender a su audiencia y a medir el impacto de lo que hacen. Tambi\u00e9n practican c\u00f3mo enganchar al p\u00fablico y planificar campa\u00f1as, todo lo que una marca necesita para moverse en redes\u00bb, comenta Itziar Oltra.<\/p>\n<p> Ejemplo de proyecto destacado: Kott<\/p>\n<p>\nUno de los proyectos sobresalientes de esta iniciativa es Kott, una marca de tote bags dise\u00f1ada *para llevar todo lo que necesitas con total comodidad y sin renunciar al dise\u00f1o, tanto para ir al trabajo, a clase, para los*planes del d\u00eda o incluso para una escapada de fin de semana*, como indican en su web.<\/p>\n<p> Adem\u00e1s, la marca ha iniciado una colaboraci\u00f3n con PopTote, otra de las marcas de esta iniciativa docente, con dise\u00f1os de escenas ic\u00f3nicas de pel\u00edculas y series, que se lanz\u00f3 el 17 de noviembre, D\u00eda Internacional de los Estudiantes.<\/p>\n<p> https:\/\/www.instagram.com\/kott.co\/p\/DCe0Q8iNLgU\/?img_index=1<\/p>\n<p>\nContacto<\/p>\n<p>\nNombre contacto: Itziar Oltra<\/p>\n<p>\nDescripci\u00f3n contacto: Universidad de Valladolid<\/p>\n<p>\nTel\u00e9fono de contacto: 667340695<\/p>\n","protected":false},"excerpt":{"rendered":"<p>(Informaci\u00f3n remitida por la empresa firmante) La Universidad de Valladolid reafirma su compromiso de formar a los futuros profesionales del marketing, brind\u00e1ndoles una oportunidad \u00fanica para aplicar lo aprendido en clase a proyectos tangibles que conectan con el mundo real Valladolid, 19 de noviembre de 2024.- La Universidad de Valladolid est\u00e1 llevando la formaci\u00f3n en [&hellip;]<\/p>\n","protected":false},"author":1,"featured_media":0,"comment_status":"closed","ping_status":"closed","sticky":false,"template":"","format":"standard","meta":{"footnotes":""},"categories":[2],"tags":[],"class_list":["post-57125","post","type-post","status-publish","format-standard","hentry","category-noticias"],"_links":{"self":[{"href":"https:\/\/webciudadana.net\/index.php?rest_route=\/wp\/v2\/posts\/57125","targetHints":{"allow":["GET"]}}],"collection":[{"href":"https:\/\/webciudadana.net\/index.php?rest_route=\/wp\/v2\/posts"}],"about":[{"href":"https:\/\/webciudadana.net\/index.php?rest_route=\/wp\/v2\/types\/post"}],"author":[{"embeddable":true,"href":"https:\/\/webciudadana.net\/index.php?rest_route=\/wp\/v2\/users\/1"}],"replies":[{"embeddable":true,"href":"https:\/\/webciudadana.net\/index.php?rest_route=%2Fwp%2Fv2%2Fcomments&post=57125"}],"version-history":[{"count":0,"href":"https:\/\/webciudadana.net\/index.php?rest_route=\/wp\/v2\/posts\/57125\/revisions"}],"wp:attachment":[{"href":"https:\/\/webciudadana.net\/index.php?rest_route=%2Fwp%2Fv2%2Fmedia&parent=57125"}],"wp:term":[{"taxonomy":"category","embeddable":true,"href":"https:\/\/webciudadana.net\/index.php?rest_route=%2Fwp%2Fv2%2Fcategories&post=57125"},{"taxonomy":"post_tag","embeddable":true,"href":"https:\/\/webciudadana.net\/index.php?rest_route=%2Fwp%2Fv2%2Ftags&post=57125"}],"curies":[{"name":"wp","href":"https:\/\/api.w.org\/{rel}","templated":true}]}}