{"id":58283,"date":"2025-01-07T10:01:04","date_gmt":"2025-01-07T09:01:04","guid":{"rendered":"https:\/\/ticker-noticiasep.microcontenidos.com\/NoticiaRSS.vbhtml?user=FRND562DLP&amp;cod=20250107100104"},"modified":"2025-01-07T10:01:04","modified_gmt":"2025-01-07T09:01:04","slug":"mundo-conectores-de-la-serie-mini-de-distribucion-de-energia-para-entornos-de-fabricacion-hostiles","status":"publish","type":"post","link":"https:\/\/webciudadana.net\/?p=58283","title":{"rendered":"Mundo: Conectores de la serie MINI de distribuci\u00f3n de energ\u00eda para entornos de fabricaci\u00f3n hostiles"},"content":{"rendered":"\n<p>(Informaci\u00f3n remitida por la empresa firmante)<\/p>\n<p>\nALMELO, Pa\u00edses Bajos, 7 de enero de 2025 \/PRNewswire\/ &#8212; La serie de distribuci\u00f3n de energ\u00eda (PMIN) de Mencom ofrece una soluci\u00f3n plug-and-play rentable y que ahorra tiempo para aplicaciones industriales de motores, m\u00e1quinas y energ\u00eda. Estos conectores circulares industriales f\u00e1ciles de usar brindan una opci\u00f3n de desconexi\u00f3n r\u00e1pida para aplicaciones que demandan m\u00e1s energ\u00eda. La serie de distribuci\u00f3n de energ\u00eda MINI est\u00e1 listada por UL y ofrece protecci\u00f3n IP69. Disponible en configuraciones de 3 y 4 polos, orientaciones rectas y en \u00e1ngulo recto, viene con una l\u00ednea completa de accesorios, que incluyen enchufes adaptadores, tapas de cierre, tapones y bajantes de cables integrados.<\/p>\n<p> Dentro de la serie PMIN, los conectores de cableado en campo PMIN de 1 3\/8&#8243; destacan por brindar una soluci\u00f3n de desconexi\u00f3n r\u00e1pida para una f\u00e1cil instalaci\u00f3n y mantenimiento de los equipos. Mencom es el primer fabricante de conectores el\u00e9ctricos de la industria en dise\u00f1ar y producir una versi\u00f3n en \u00e1ngulo recto del conector de cableado en campo de 1 3\/8&#8243;. Este perfil en \u00e1ngulo recto es m\u00e1s bajo que el radio de curvatura t\u00edpico necesario para un cable recto, lo que ofrece una ventaja significativa cuando el espacio de instalaci\u00f3n es limitado. Adem\u00e1s, reduce la tensi\u00f3n indeseable del cable causada por doblar los cables para que quepan en espacios reducidos.<\/p>\n<p> Tambi\u00e9n hay una variedad de conectores en T disponibles para crear el cable troncal principal con derivaciones de desconexi\u00f3n r\u00e1pida para distribuir energ\u00eda a m\u00faltiples m\u00e1quinas en todo el sistema.<\/p>\n<p> La serie de distribuci\u00f3n de energ\u00eda de Mencom es completamente modular, lo que permite a los usuarios mezclar y combinar diversas piezas durante la instalaci\u00f3n. Esto reduce el tiempo de instalaci\u00f3n y elimina la necesidad de herramientas especializadas o mano de obra que normalmente se requiere para las instalaciones tradicionales de conductos o canalizaciones. El resultado es m\u00e1s r\u00e1pido, m\u00e1s f\u00e1cil y m\u00e1s confiable que el cableado directo, lo que ofrece atractivos ahorros generales en los costes de instalaci\u00f3n.<\/p>\n<p> Mencom se expande en Europa<\/p>\n<p>\nMencom Corporation se est\u00e1 expandiendo en Europa con la apertura de una nueva planta de fabricaci\u00f3n y una oficina de ventas en los Pa\u00edses Bajos. La oficina holandesa servir\u00e1 como centro de ventas, demostraciones de productos, formaci\u00f3n y reuniones con clientes, con el apoyo de un equipo de ventas dedicado. Junto con una planta de fabricaci\u00f3n en la Rep\u00fablica Checa, esta expansi\u00f3n tiene como objetivo agilizar las operaciones y mejorar la entrega de productos en toda Europa, mejorando el servicio y la satisfacci\u00f3n del cliente.<\/p>\n<p> Si tiene alguna pregunta sobre la nueva oficina de Mencom en Europa, los productos o la atenci\u00f3n al cliente, contacte con:<\/p>\n<p>\nMencom Europe<\/p>\n<p>\nWindmolen 22<\/p>\n<p>\n7609 NN Almelo<\/p>\n<p>\nPa\u00edses Bajos<\/p>\n<p>\n+31 548 659 054<\/p>\n<p>\neurope@mencomcorp.eu<\/p>\n<p>\nPara m\u00e1s detalles, contacto:<\/p>\n<p>\nMark Dixon<\/p>\n<p>\nMarketing Manager<\/p>\n<p>\n-E-mail: mark@mencom.com<\/p>\n<p>\nTel.: (770)534-4585<\/p>\n<p>\nFoto &#8212; https:\/\/mma.prnewswire.com\/media\/2590306\/PMIN_Mencom_Corporation.jpg<\/p>\n<p>\nLogo &#8212; https:\/\/mma.prnewswire.com\/media\/2338182\/Mencom_Logo.jpg<\/p>\n<p> View original content:https:\/\/www.prnewswire.com\/news-releases\/conectores-de-la-serie-mini-de-distribucion-de-energia-para-entornos-de-fabricacion-hostiles-302342352.html<\/p>\n","protected":false},"excerpt":{"rendered":"<p>(Informaci\u00f3n remitida por la empresa firmante) ALMELO, Pa\u00edses Bajos, 7 de enero de 2025 \/PRNewswire\/ &#8212; La serie de distribuci\u00f3n de energ\u00eda (PMIN) de Mencom ofrece una soluci\u00f3n plug-and-play rentable y que ahorra tiempo para aplicaciones industriales de motores, m\u00e1quinas y energ\u00eda. Estos conectores circulares industriales f\u00e1ciles de usar brindan una opci\u00f3n de desconexi\u00f3n r\u00e1pida [&hellip;]<\/p>\n","protected":false},"author":1,"featured_media":0,"comment_status":"closed","ping_status":"closed","sticky":false,"template":"","format":"standard","meta":{"footnotes":""},"categories":[2],"tags":[],"class_list":["post-58283","post","type-post","status-publish","format-standard","hentry","category-noticias"],"_links":{"self":[{"href":"https:\/\/webciudadana.net\/index.php?rest_route=\/wp\/v2\/posts\/58283","targetHints":{"allow":["GET"]}}],"collection":[{"href":"https:\/\/webciudadana.net\/index.php?rest_route=\/wp\/v2\/posts"}],"about":[{"href":"https:\/\/webciudadana.net\/index.php?rest_route=\/wp\/v2\/types\/post"}],"author":[{"embeddable":true,"href":"https:\/\/webciudadana.net\/index.php?rest_route=\/wp\/v2\/users\/1"}],"replies":[{"embeddable":true,"href":"https:\/\/webciudadana.net\/index.php?rest_route=%2Fwp%2Fv2%2Fcomments&post=58283"}],"version-history":[{"count":0,"href":"https:\/\/webciudadana.net\/index.php?rest_route=\/wp\/v2\/posts\/58283\/revisions"}],"wp:attachment":[{"href":"https:\/\/webciudadana.net\/index.php?rest_route=%2Fwp%2Fv2%2Fmedia&parent=58283"}],"wp:term":[{"taxonomy":"category","embeddable":true,"href":"https:\/\/webciudadana.net\/index.php?rest_route=%2Fwp%2Fv2%2Fcategories&post=58283"},{"taxonomy":"post_tag","embeddable":true,"href":"https:\/\/webciudadana.net\/index.php?rest_route=%2Fwp%2Fv2%2Ftags&post=58283"}],"curies":[{"name":"wp","href":"https:\/\/api.w.org\/{rel}","templated":true}]}}