{"id":58295,"date":"2025-01-07T15:34:10","date_gmt":"2025-01-07T14:34:10","guid":{"rendered":"https:\/\/ticker-noticiasep.microcontenidos.com\/NoticiaRSS.vbhtml?user=FRND562DLP&amp;cod=20250107153410"},"modified":"2025-01-07T15:34:10","modified_gmt":"2025-01-07T14:34:10","slug":"sociedad-la-iconica-zarzuela-agua-azucarillos-y-aguardiente-llega-a-valencia","status":"publish","type":"post","link":"https:\/\/webciudadana.net\/?p=58295","title":{"rendered":"Sociedad: La ic\u00f3nica zarzuela &#8216;Agua, Azucarillos y Aguardiente&#8217; llega a Valencia"},"content":{"rendered":"\n<div><img decoding=\"async\" src=\"https:\/\/img.europapress.es\/fotoweb\/fotonoticia_20250107153410_300.jpg\" class=\"ff-og-image-inserted\"><\/div>\n<p>(Informaci\u00f3n remitida por la empresa firmante)<\/p>\n<p>\nMadrid, 7 de enero de 2025.- Drao Producciones y Compa\u00f1\u00eda Cl\u00e1sicos de la L\u00edrica inician el a\u00f1o con su pr\u00f3xima presentaci\u00f3n de zarzuela, Agua, Azucarillos y Aguardiente, con la cual buscan fortalecer el reconocimiento de este g\u00e9nero como Patrimonio Cultural Inmaterial de la Humanidad por parte de la UNESCO. Les lleva nuevamente a Valencia, tras el \u00e9xito obtenido en el Teatro Principal de Zaragoza con Gigantes y Cabezudos.<\/p>\n<p> La \u00faltima vez en Valencia presentaron La Tabernera del Puerto, una funci\u00f3n que tambi\u00e9n result\u00f3 un rotundo \u00e9xito. Ahora vuelven, directamente desde el Teatro La Latina de Madrid, con una de las zarzuelas m\u00e1s queridas y aclamadas: Agua, Azucarillos y Aguardiente.<\/p>\n<p> Esta obra, que combina elementos c\u00f3micos y una cr\u00edtica social, narra la historia de Asia, una joven que, junto a su madre Do\u00f1a Simona, llega a Madrid en busca de una vida mejor. Sin embargo, la vida en la capital no es f\u00e1cil y viven en la miseria, endeudadas con todos. Una carta de su t\u00edo les sugiere regresar a su pueblo para que la joven pueda casarse con su primo y escapar de la pobreza. Sin embargo, Asia sue\u00f1a con Seraf\u00edn, hijo de un exministro, lo que complica a\u00fan m\u00e1s la situaci\u00f3n.<\/p>\n<p> Con una ambientaci\u00f3n que refleja la vida cotidiana de la clase media madrile\u00f1a empobrecida y de los sectores m\u00e1s humildes, Agua, Azucarillos y Aguardiente presenta una combinaci\u00f3n perfecta de humor, m\u00fasica y emoci\u00f3n. La obra contar\u00e1 con la interpretaci\u00f3n en directo de una orquesta de 20 m\u00fasicos y m\u00e1s de 30 artistas en escena, incluyendo a la polifac\u00e9tica Charo Reina y la soprano Margarita Marb\u00e1n, el tenor Alberto Porcell y el bajo-bar\u00edtono Jesus Lumbreras, entre otros grandes artistas de la l\u00edrica y el teatro, adem\u00e1s estar\u00e1n acompa\u00f1ados de un elenco de ni\u00f1os profesionales de diversas edades quienes dan vida y alegr\u00eda a la representaci\u00f3n.*<\/p>\n<p>\nLa cita ser\u00e1 en el Teatro Olympia el martes 18 de febrero a las 19:30. Las entradas est\u00e1n disponibles en la taquilla del teatro y en su p\u00e1gina web: teatro-olympia.com\/agua-azucarillos-y-aguardiente*<\/p>\n<p>\nContacto<\/p>\n<p>\nNombre del emisor: DRAO PRODUCCIONES<\/p>\n<p>\nDescripci\u00f3n de contacto: Gabinete Period\u00edstico<\/p>\n<p>\nEmail de contacto: comunicados@prensaymedios.com<\/p>\n","protected":false},"excerpt":{"rendered":"<p>(Informaci\u00f3n remitida por la empresa firmante) Madrid, 7 de enero de 2025.- Drao Producciones y Compa\u00f1\u00eda Cl\u00e1sicos de la L\u00edrica inician el a\u00f1o con su pr\u00f3xima presentaci\u00f3n de zarzuela, Agua, Azucarillos y Aguardiente, con la cual buscan fortalecer el reconocimiento de este g\u00e9nero como Patrimonio Cultural Inmaterial de la Humanidad por parte de la UNESCO. [&hellip;]<\/p>\n","protected":false},"author":1,"featured_media":0,"comment_status":"closed","ping_status":"closed","sticky":false,"template":"","format":"standard","meta":{"footnotes":""},"categories":[2],"tags":[],"class_list":["post-58295","post","type-post","status-publish","format-standard","hentry","category-noticias"],"_links":{"self":[{"href":"https:\/\/webciudadana.net\/index.php?rest_route=\/wp\/v2\/posts\/58295","targetHints":{"allow":["GET"]}}],"collection":[{"href":"https:\/\/webciudadana.net\/index.php?rest_route=\/wp\/v2\/posts"}],"about":[{"href":"https:\/\/webciudadana.net\/index.php?rest_route=\/wp\/v2\/types\/post"}],"author":[{"embeddable":true,"href":"https:\/\/webciudadana.net\/index.php?rest_route=\/wp\/v2\/users\/1"}],"replies":[{"embeddable":true,"href":"https:\/\/webciudadana.net\/index.php?rest_route=%2Fwp%2Fv2%2Fcomments&post=58295"}],"version-history":[{"count":0,"href":"https:\/\/webciudadana.net\/index.php?rest_route=\/wp\/v2\/posts\/58295\/revisions"}],"wp:attachment":[{"href":"https:\/\/webciudadana.net\/index.php?rest_route=%2Fwp%2Fv2%2Fmedia&parent=58295"}],"wp:term":[{"taxonomy":"category","embeddable":true,"href":"https:\/\/webciudadana.net\/index.php?rest_route=%2Fwp%2Fv2%2Fcategories&post=58295"},{"taxonomy":"post_tag","embeddable":true,"href":"https:\/\/webciudadana.net\/index.php?rest_route=%2Fwp%2Fv2%2Ftags&post=58295"}],"curies":[{"name":"wp","href":"https:\/\/api.w.org\/{rel}","templated":true}]}}